{"id":317069,"date":"2025-03-14T08:05:23","date_gmt":"2025-03-14T05:05:23","guid":{"rendered":"https:\/\/sana.sy\/tr\/?p=317069"},"modified":"2025-03-14T12:12:25","modified_gmt":"2025-03-14T09:12:25","slug":"katar-suriyede-anayasa-beyannamesinin-onaylanmasini-memnuniyetle-karsiladi-2","status":"publish","type":"post","link":"https:\/\/archive.sana.sy\/tr\/?p=317069","title":{"rendered":"Katar, Suriye&#8217;de Anayasa Beyannamesi&#8217;nin Onaylanmas\u0131n\u0131 Memnuniyetle Kar\u015f\u0131lad\u0131"},"content":{"rendered":"<p style=\"text-align: justify;\"><span style=\"color: #800000;\"><strong>DOHA (SANA) &#8211;<\/strong> <\/span>\u00a0Katar Devleti, Suriye Arap Cumhuriyeti Cumhurba\u015fkan\u0131 Say\u0131n Ahmed El \u015eara taraf\u0131ndan Anayasa Beyannamesi&#8217;nin onaylanmas\u0131n\u0131 memnuniyetle kar\u015f\u0131layarak, bu \u00f6nemli ve tarihi ad\u0131m\u0131n, ge\u00e7i\u015f d\u00f6neminin \u00f6rg\u00fctlenmesi ve karde\u015f Suriye halk\u0131n\u0131n \u00f6zlemini \u00e7ekti\u011fi kurumsal, adaletli ve \u00f6zg\u00fcrl\u00fcklere dayal\u0131 bir devletin in\u015fas\u0131 i\u00e7in sa\u011flam bir temel olu\u015fturmas\u0131 \u00fcmidini dile getirdi.<\/p>\n<p style=\"text-align: justify;\">Katar D\u0131\u015fi\u015fleri Bakanl\u0131\u011f\u0131 bug\u00fcn yapt\u0131\u011f\u0131 a\u00e7\u0131klamada, &#8221;Anayasa Beyannamesi&#8217;nde \u00f6zellikle g\u00fc\u00e7ler ayr\u0131l\u0131\u011f\u0131 ilkesi, kal\u0131c\u0131 bir anayasa tasla\u011f\u0131 haz\u0131rlamak \u00fczere bir komite kurulmas\u0131, ge\u00e7i\u015f adaletinin sa\u011flanmas\u0131, t\u00fcm Suriyelilerin \u00f6zg\u00fcrl\u00fck ve haklar\u0131n\u0131n korunmas\u0131, toprak ve halk\u0131n birli\u011fine ba\u011fl\u0131l\u0131k gibi hususlar, Suriye&#8217;de ilerleme ve istikrar\u0131n sa\u011flanmas\u0131 i\u00e7in yerel, b\u00f6lgesel ve uluslararas\u0131 dayan\u0131\u015fman\u0131n gereklili\u011fi vurgulanarak, \u00fclkenin yeni temeller \u00fczerine in\u015fa edilmesi i\u00e7in bir ba\u015flang\u0131\u00e7 \u200b\u200bnoktas\u0131 te\u015fkil etti\u011fi ifade edildi.&#8221; ifadelere yer verildi.<\/p>\n<p style=\"text-align: justify;\">Bakanl\u0131k ayr\u0131ca, Katar Devleti&#8217;nin Suriye&#8217;nin egemenli\u011fine, birli\u011fine ve toprak b\u00fct\u00fcnl\u00fc\u011f\u00fcne, karde\u015f Suriye halk\u0131n\u0131n \u00f6zg\u00fcrl\u00fck, kalk\u0131nma ve refah \u00f6zlemlerine tam deste\u011fini yineledi.<\/p>\n<div id='gallery-1' class='gallery galleryid-317069 gallery-columns-2 gallery-size-large'><figure class='gallery-item'>\n\t\t\t<div class='gallery-icon landscape'>\n\t\t\t\t<a href='https:\/\/archive.sana.sy\/tr\/?attachment_id=317071'><img loading=\"lazy\" decoding=\"async\" width=\"618\" height=\"412\" src=\"https:\/\/archive.sana.sy\/tr\/wp-content\/uploads\/2025\/03\/2-18.jpg\" class=\"attachment-large size-large\" alt=\"\" srcset=\"https:\/\/archive.sana.sy\/tr\/wp-content\/uploads\/2025\/03\/2-18.jpg 660w, https:\/\/archive.sana.sy\/tr\/wp-content\/uploads\/2025\/03\/2-18-300x200.jpg 300w\" sizes=\"auto, (max-width: 618px) 100vw, 618px\" \/><\/a>\n\t\t\t<\/div><\/figure><figure class='gallery-item'>\n\t\t\t<div class='gallery-icon landscape'>\n\t\t\t\t<a href='https:\/\/archive.sana.sy\/tr\/?attachment_id=317072'><img loading=\"lazy\" decoding=\"async\" width=\"618\" height=\"394\" src=\"https:\/\/archive.sana.sy\/tr\/wp-content\/uploads\/2025\/03\/6-7.jpg\" class=\"attachment-large size-large\" alt=\"\" srcset=\"https:\/\/archive.sana.sy\/tr\/wp-content\/uploads\/2025\/03\/6-7.jpg 660w, https:\/\/archive.sana.sy\/tr\/wp-content\/uploads\/2025\/03\/6-7-300x191.jpg 300w\" sizes=\"auto, (max-width: 618px) 100vw, 618px\" \/><\/a>\n\t\t\t<\/div><\/figure><figure class='gallery-item'>\n\t\t\t<div class='gallery-icon landscape'>\n\t\t\t\t<a href='https:\/\/archive.sana.sy\/tr\/?attachment_id=317073'><img loading=\"lazy\" decoding=\"async\" width=\"618\" height=\"412\" src=\"https:\/\/archive.sana.sy\/tr\/wp-content\/uploads\/2025\/03\/9-2.jpg\" class=\"attachment-large size-large\" alt=\"\" srcset=\"https:\/\/archive.sana.sy\/tr\/wp-content\/uploads\/2025\/03\/9-2.jpg 660w, https:\/\/archive.sana.sy\/tr\/wp-content\/uploads\/2025\/03\/9-2-300x200.jpg 300w\" sizes=\"auto, (max-width: 618px) 100vw, 618px\" \/><\/a>\n\t\t\t<\/div><\/figure><figure class='gallery-item'>\n\t\t\t<div class='gallery-icon landscape'>\n\t\t\t\t<a href='https:\/\/archive.sana.sy\/tr\/?attachment_id=317074'><img loading=\"lazy\" decoding=\"async\" width=\"618\" height=\"412\" src=\"https:\/\/archive.sana.sy\/tr\/wp-content\/uploads\/2025\/03\/11-5.jpg\" class=\"attachment-large size-large\" alt=\"\" srcset=\"https:\/\/archive.sana.sy\/tr\/wp-content\/uploads\/2025\/03\/11-5.jpg 660w, https:\/\/archive.sana.sy\/tr\/wp-content\/uploads\/2025\/03\/11-5-300x200.jpg 300w\" sizes=\"auto, (max-width: 618px) 100vw, 618px\" \/><\/a>\n\t\t\t<\/div><\/figure>\n\t\t<\/div>\n\n","protected":false},"excerpt":{"rendered":"<p>DOHA (SANA) &#8211; \u00a0Katar Devleti, Suriye Arap Cumhuriyeti Cumhurba\u015fkan\u0131 Say\u0131n Ahmed El \u015eara taraf\u0131ndan Anayasa Beyannamesi&#8217;nin onaylanmas\u0131n\u0131 memnuniyetle kar\u015f\u0131layarak, bu \u00f6nemli ve tarihi ad\u0131m\u0131n, ge\u00e7i\u015f d\u00f6neminin \u00f6rg\u00fctlenmesi ve karde\u015f Suriye halk\u0131n\u0131n \u00f6zlemini \u00e7ekti\u011fi kurumsal, adaletli ve \u00f6zg\u00fcrl\u00fcklere dayal\u0131 bir devletin in\u015fas\u0131 i\u00e7in sa\u011flam bir temel olu\u015fturmas\u0131 \u00fcmidini dile getirdi. Katar D\u0131\u015fi\u015fleri Bakanl\u0131\u011f\u0131 bug\u00fcn yapt\u0131\u011f\u0131 a\u00e7\u0131klamada, &hellip;<\/p>\n","protected":false},"author":44,"featured_media":317070,"comment_status":"closed","ping_status":"closed","sticky":false,"template":"","format":"standard","meta":{"footnotes":""},"categories":[458,589,459,17988],"tags":[3946,43540],"class_list":["post-317069","post","type-post","status-publish","format-standard","has-post-thumbnail","","category-dunya1","category-haber-seridi","category-haberler-arap-uluslararasi-politika","category-son-haberler","tag-katar","tag-suriyede-anayasa-beyannamesinin-onaylanmasini-memnuniyetle-karsiladi"],"_links":{"self":[{"href":"https:\/\/archive.sana.sy\/tr\/index.php?rest_route=\/wp\/v2\/posts\/317069","targetHints":{"allow":["GET"]}}],"collection":[{"href":"https:\/\/archive.sana.sy\/tr\/index.php?rest_route=\/wp\/v2\/posts"}],"about":[{"href":"https:\/\/archive.sana.sy\/tr\/index.php?rest_route=\/wp\/v2\/types\/post"}],"author":[{"embeddable":true,"href":"https:\/\/archive.sana.sy\/tr\/index.php?rest_route=\/wp\/v2\/users\/44"}],"replies":[{"embeddable":true,"href":"https:\/\/archive.sana.sy\/tr\/index.php?rest_route=%2Fwp%2Fv2%2Fcomments&post=317069"}],"version-history":[{"count":1,"href":"https:\/\/archive.sana.sy\/tr\/index.php?rest_route=\/wp\/v2\/posts\/317069\/revisions"}],"predecessor-version":[{"id":317076,"href":"https:\/\/archive.sana.sy\/tr\/index.php?rest_route=\/wp\/v2\/posts\/317069\/revisions\/317076"}],"wp:featuredmedia":[{"embeddable":true,"href":"https:\/\/archive.sana.sy\/tr\/index.php?rest_route=\/wp\/v2\/media\/317070"}],"wp:attachment":[{"href":"https:\/\/archive.sana.sy\/tr\/index.php?rest_route=%2Fwp%2Fv2%2Fmedia&parent=317069"}],"wp:term":[{"taxonomy":"category","embeddable":true,"href":"https:\/\/archive.sana.sy\/tr\/index.php?rest_route=%2Fwp%2Fv2%2Fcategories&post=317069"},{"taxonomy":"post_tag","embeddable":true,"href":"https:\/\/archive.sana.sy\/tr\/index.php?rest_route=%2Fwp%2Fv2%2Ftags&post=317069"}],"curies":[{"name":"wp","href":"https:\/\/api.w.org\/{rel}","templated":true}]}}