{"id":317129,"date":"2025-03-15T13:54:37","date_gmt":"2025-03-15T10:54:37","guid":{"rendered":"https:\/\/sana.sy\/tr\/?p=317129"},"modified":"2025-03-17T08:27:55","modified_gmt":"2025-03-17T05:27:55","slug":"cumhurbaskani-el-sara-ramazan-bayrami-munasebetiyle-devlet-calisanlarina-mali-yardim-verilmesi-kararini-yayinladi","status":"publish","type":"post","link":"https:\/\/archive.sana.sy\/tr\/?p=317129","title":{"rendered":"Cumhurba\u015fkan\u0131 El \u015eara, Ramazan Bayram\u0131 m\u00fcnasebetiyle devlet \u00e7al\u0131\u015fanlar\u0131na Mali Yard\u0131m Verilmesi Karar\u0131n\u0131 Yay\u0131nlad\u0131"},"content":{"rendered":"<p style=\"text-align: justify;\"><span style=\"color: #800000;\"><strong>\u015eAM (SANA)<\/strong> <\/span>&#8211; Suriye Arap Cumhuriyeti Cumhurba\u015fkan\u0131 Say\u0131n Ahmed El \u015eara, 2025 tarih ve (6) say\u0131l\u0131 Karar\u0131 ile siviller, askerler ve emekliler d\u00e2hil olmak \u00fczere devlet \u00e7al\u0131\u015fanlar\u0131na Ramazan Bayram\u0131 dolay\u0131s\u0131yla bir ayl\u0131k maa\u015f tutar\u0131nda maddi yard\u0131m yap\u0131lmas\u0131n\u0131 \u00f6ng\u00f6rm\u00fc\u015ft\u00fcr.<\/p>\n","protected":false},"excerpt":{"rendered":"<p>\u015eAM (SANA) &#8211; Suriye Arap Cumhuriyeti Cumhurba\u015fkan\u0131 Say\u0131n Ahmed El \u015eara, 2025 tarih ve (6) say\u0131l\u0131 Karar\u0131 ile siviller, askerler ve emekliler d\u00e2hil olmak \u00fczere devlet \u00e7al\u0131\u015fanlar\u0131na Ramazan Bayram\u0131 dolay\u0131s\u0131yla bir ayl\u0131k maa\u015f tutar\u0131nda maddi yard\u0131m yap\u0131lmas\u0131n\u0131 \u00f6ng\u00f6rm\u00fc\u015ft\u00fcr.<\/p>\n","protected":false},"author":44,"featured_media":317130,"comment_status":"closed","ping_status":"closed","sticky":false,"template":"","format":"standard","meta":{"footnotes":""},"categories":[606,605,17988],"tags":[],"class_list":["post-317129","post","type-post","status-publish","format-standard","has-post-thumbnail","","category-cumhurbaskani","category-sayin-cumhurbaskani","category-son-haberler"],"_links":{"self":[{"href":"https:\/\/archive.sana.sy\/tr\/index.php?rest_route=\/wp\/v2\/posts\/317129","targetHints":{"allow":["GET"]}}],"collection":[{"href":"https:\/\/archive.sana.sy\/tr\/index.php?rest_route=\/wp\/v2\/posts"}],"about":[{"href":"https:\/\/archive.sana.sy\/tr\/index.php?rest_route=\/wp\/v2\/types\/post"}],"author":[{"embeddable":true,"href":"https:\/\/archive.sana.sy\/tr\/index.php?rest_route=\/wp\/v2\/users\/44"}],"replies":[{"embeddable":true,"href":"https:\/\/archive.sana.sy\/tr\/index.php?rest_route=%2Fwp%2Fv2%2Fcomments&post=317129"}],"version-history":[{"count":4,"href":"https:\/\/archive.sana.sy\/tr\/index.php?rest_route=\/wp\/v2\/posts\/317129\/revisions"}],"predecessor-version":[{"id":317152,"href":"https:\/\/archive.sana.sy\/tr\/index.php?rest_route=\/wp\/v2\/posts\/317129\/revisions\/317152"}],"wp:featuredmedia":[{"embeddable":true,"href":"https:\/\/archive.sana.sy\/tr\/index.php?rest_route=\/wp\/v2\/media\/317130"}],"wp:attachment":[{"href":"https:\/\/archive.sana.sy\/tr\/index.php?rest_route=%2Fwp%2Fv2%2Fmedia&parent=317129"}],"wp:term":[{"taxonomy":"category","embeddable":true,"href":"https:\/\/archive.sana.sy\/tr\/index.php?rest_route=%2Fwp%2Fv2%2Fcategories&post=317129"},{"taxonomy":"post_tag","embeddable":true,"href":"https:\/\/archive.sana.sy\/tr\/index.php?rest_route=%2Fwp%2Fv2%2Ftags&post=317129"}],"curies":[{"name":"wp","href":"https:\/\/api.w.org\/{rel}","templated":true}]}}