{"id":317132,"date":"2025-03-15T14:41:45","date_gmt":"2025-03-15T11:41:45","guid":{"rendered":"https:\/\/sana.sy\/tr\/?p=317132"},"modified":"2025-03-15T14:56:04","modified_gmt":"2025-03-15T11:56:04","slug":"suriye-arap-ordusu-hava-kuvvetleri-devrimin-14-yil-kutlamalarina-katiliyor","status":"publish","type":"post","link":"https:\/\/archive.sana.sy\/tr\/?p=317132","title":{"rendered":"Suriye Arap Ordusu Hava Kuvvetleri, Devrimin 14. Y\u0131l Kutlamalar\u0131na Kat\u0131l\u0131yor"},"content":{"rendered":"<p style=\"text-align: justify;\"><span style=\"color: #800000;\"><strong>\u015eAM (SANA)<\/strong> <\/span>&#8211; Emevi Meydan\u0131&#8217;nda g\u00f6stericilere zaferi kutlamak i\u00e7in \u00e7i\u00e7ek at\u0131l\u0131yor&#8230; Suriye Arap Ordusu Hava Kuvvetleri, m\u00fcbarek Suriye devriminin 14. y\u0131l d\u00f6n\u00fcm\u00fcn\u00fc anma kutlamalar\u0131na kat\u0131l\u0131yor.<\/p>\n<div id='gallery-1' class='gallery galleryid-317132 gallery-columns-1 gallery-size-full'><figure class='gallery-item'>\n\t\t\t<div class='gallery-icon landscape'>\n\t\t\t\t<a href='https:\/\/archive.sana.sy\/tr\/?attachment_id=317134'><img loading=\"lazy\" decoding=\"async\" width=\"1280\" height=\"826\" src=\"https:\/\/archive.sana.sy\/tr\/wp-content\/uploads\/2025\/03\/photo_2025-03-15_14-22-04-3.jpg\" class=\"attachment-full size-full\" alt=\"\" srcset=\"https:\/\/archive.sana.sy\/tr\/wp-content\/uploads\/2025\/03\/photo_2025-03-15_14-22-04-3.jpg 1280w, https:\/\/archive.sana.sy\/tr\/wp-content\/uploads\/2025\/03\/photo_2025-03-15_14-22-04-3-300x194.jpg 300w, https:\/\/archive.sana.sy\/tr\/wp-content\/uploads\/2025\/03\/photo_2025-03-15_14-22-04-3-1024x661.jpg 1024w, https:\/\/archive.sana.sy\/tr\/wp-content\/uploads\/2025\/03\/photo_2025-03-15_14-22-04-3-768x496.jpg 768w\" sizes=\"auto, (max-width: 1280px) 100vw, 1280px\" \/><\/a>\n\t\t\t<\/div><\/figure><figure class='gallery-item'>\n\t\t\t<div class='gallery-icon landscape'>\n\t\t\t\t<a href='https:\/\/archive.sana.sy\/tr\/?attachment_id=317135'><img loading=\"lazy\" decoding=\"async\" width=\"1280\" height=\"796\" src=\"https:\/\/archive.sana.sy\/tr\/wp-content\/uploads\/2025\/03\/photo_2025-03-15_14-22-04-2.jpg\" class=\"attachment-full size-full\" alt=\"\" srcset=\"https:\/\/archive.sana.sy\/tr\/wp-content\/uploads\/2025\/03\/photo_2025-03-15_14-22-04-2.jpg 1280w, https:\/\/archive.sana.sy\/tr\/wp-content\/uploads\/2025\/03\/photo_2025-03-15_14-22-04-2-300x187.jpg 300w, https:\/\/archive.sana.sy\/tr\/wp-content\/uploads\/2025\/03\/photo_2025-03-15_14-22-04-2-1024x637.jpg 1024w, https:\/\/archive.sana.sy\/tr\/wp-content\/uploads\/2025\/03\/photo_2025-03-15_14-22-04-2-768x478.jpg 768w\" sizes=\"auto, (max-width: 1280px) 100vw, 1280px\" \/><\/a>\n\t\t\t<\/div><\/figure><figure class='gallery-item'>\n\t\t\t<div class='gallery-icon landscape'>\n\t\t\t\t<a href='https:\/\/archive.sana.sy\/tr\/?attachment_id=317136'><img loading=\"lazy\" decoding=\"async\" width=\"1280\" height=\"894\" src=\"https:\/\/archive.sana.sy\/tr\/wp-content\/uploads\/2025\/03\/photo_2025-03-15_14-22-04.jpg\" class=\"attachment-full size-full\" alt=\"\" srcset=\"https:\/\/archive.sana.sy\/tr\/wp-content\/uploads\/2025\/03\/photo_2025-03-15_14-22-04.jpg 1280w, https:\/\/archive.sana.sy\/tr\/wp-content\/uploads\/2025\/03\/photo_2025-03-15_14-22-04-300x210.jpg 300w, https:\/\/archive.sana.sy\/tr\/wp-content\/uploads\/2025\/03\/photo_2025-03-15_14-22-04-1024x715.jpg 1024w, https:\/\/archive.sana.sy\/tr\/wp-content\/uploads\/2025\/03\/photo_2025-03-15_14-22-04-768x536.jpg 768w\" sizes=\"auto, (max-width: 1280px) 100vw, 1280px\" \/><\/a>\n\t\t\t<\/div><\/figure><figure class='gallery-item'>\n\t\t\t<div class='gallery-icon landscape'>\n\t\t\t\t<a href='https:\/\/archive.sana.sy\/tr\/?attachment_id=317137'><img loading=\"lazy\" decoding=\"async\" width=\"1280\" height=\"786\" src=\"https:\/\/archive.sana.sy\/tr\/wp-content\/uploads\/2025\/03\/photo_2025-03-15_14-22-03-4.jpg\" class=\"attachment-full size-full\" alt=\"\" srcset=\"https:\/\/archive.sana.sy\/tr\/wp-content\/uploads\/2025\/03\/photo_2025-03-15_14-22-03-4.jpg 1280w, https:\/\/archive.sana.sy\/tr\/wp-content\/uploads\/2025\/03\/photo_2025-03-15_14-22-03-4-300x184.jpg 300w, https:\/\/archive.sana.sy\/tr\/wp-content\/uploads\/2025\/03\/photo_2025-03-15_14-22-03-4-1024x629.jpg 1024w, https:\/\/archive.sana.sy\/tr\/wp-content\/uploads\/2025\/03\/photo_2025-03-15_14-22-03-4-768x472.jpg 768w\" sizes=\"auto, (max-width: 1280px) 100vw, 1280px\" \/><\/a>\n\t\t\t<\/div><\/figure><figure class='gallery-item'>\n\t\t\t<div class='gallery-icon landscape'>\n\t\t\t\t<a href='https:\/\/archive.sana.sy\/tr\/?attachment_id=317138'><img loading=\"lazy\" decoding=\"async\" width=\"1280\" height=\"811\" src=\"https:\/\/archive.sana.sy\/tr\/wp-content\/uploads\/2025\/03\/photo_2025-03-15_14-22-03-2.jpg\" class=\"attachment-full size-full\" alt=\"\" srcset=\"https:\/\/archive.sana.sy\/tr\/wp-content\/uploads\/2025\/03\/photo_2025-03-15_14-22-03-2.jpg 1280w, https:\/\/archive.sana.sy\/tr\/wp-content\/uploads\/2025\/03\/photo_2025-03-15_14-22-03-2-300x190.jpg 300w, https:\/\/archive.sana.sy\/tr\/wp-content\/uploads\/2025\/03\/photo_2025-03-15_14-22-03-2-1024x649.jpg 1024w, https:\/\/archive.sana.sy\/tr\/wp-content\/uploads\/2025\/03\/photo_2025-03-15_14-22-03-2-768x487.jpg 768w\" sizes=\"auto, (max-width: 1280px) 100vw, 1280px\" \/><\/a>\n\t\t\t<\/div><\/figure><figure class='gallery-item'>\n\t\t\t<div class='gallery-icon landscape'>\n\t\t\t\t<a href='https:\/\/archive.sana.sy\/tr\/?attachment_id=317139'><img loading=\"lazy\" decoding=\"async\" width=\"1252\" height=\"798\" src=\"https:\/\/archive.sana.sy\/tr\/wp-content\/uploads\/2025\/03\/photo_2025-03-15_14-22-03.jpg\" class=\"attachment-full size-full\" alt=\"\" srcset=\"https:\/\/archive.sana.sy\/tr\/wp-content\/uploads\/2025\/03\/photo_2025-03-15_14-22-03.jpg 1252w, https:\/\/archive.sana.sy\/tr\/wp-content\/uploads\/2025\/03\/photo_2025-03-15_14-22-03-300x191.jpg 300w, https:\/\/archive.sana.sy\/tr\/wp-content\/uploads\/2025\/03\/photo_2025-03-15_14-22-03-1024x653.jpg 1024w, https:\/\/archive.sana.sy\/tr\/wp-content\/uploads\/2025\/03\/photo_2025-03-15_14-22-03-768x490.jpg 768w\" sizes=\"auto, (max-width: 1252px) 100vw, 1252px\" \/><\/a>\n\t\t\t<\/div><\/figure>\n\t\t<\/div>\n\n<p>&nbsp;<\/p>\n","protected":false},"excerpt":{"rendered":"<p>\u015eAM (SANA) &#8211; Emevi Meydan\u0131&#8217;nda g\u00f6stericilere zaferi kutlamak i\u00e7in \u00e7i\u00e7ek at\u0131l\u0131yor&#8230; Suriye Arap Ordusu Hava Kuvvetleri, m\u00fcbarek Suriye devriminin 14. y\u0131l d\u00f6n\u00fcm\u00fcn\u00fc anma kutlamalar\u0131na kat\u0131l\u0131yor. &nbsp;<\/p>\n","protected":false},"author":41,"featured_media":317133,"comment_status":"closed","ping_status":"closed","sticky":false,"template":"","format":"standard","meta":{"footnotes":""},"categories":[596,17988],"tags":[],"class_list":["post-317132","post","type-post","status-publish","format-standard","has-post-thumbnail","","category-fotografli-raporlar","category-son-haberler"],"_links":{"self":[{"href":"https:\/\/archive.sana.sy\/tr\/index.php?rest_route=\/wp\/v2\/posts\/317132","targetHints":{"allow":["GET"]}}],"collection":[{"href":"https:\/\/archive.sana.sy\/tr\/index.php?rest_route=\/wp\/v2\/posts"}],"about":[{"href":"https:\/\/archive.sana.sy\/tr\/index.php?rest_route=\/wp\/v2\/types\/post"}],"author":[{"embeddable":true,"href":"https:\/\/archive.sana.sy\/tr\/index.php?rest_route=\/wp\/v2\/users\/41"}],"replies":[{"embeddable":true,"href":"https:\/\/archive.sana.sy\/tr\/index.php?rest_route=%2Fwp%2Fv2%2Fcomments&post=317132"}],"version-history":[{"count":1,"href":"https:\/\/archive.sana.sy\/tr\/index.php?rest_route=\/wp\/v2\/posts\/317132\/revisions"}],"predecessor-version":[{"id":317140,"href":"https:\/\/archive.sana.sy\/tr\/index.php?rest_route=\/wp\/v2\/posts\/317132\/revisions\/317140"}],"wp:featuredmedia":[{"embeddable":true,"href":"https:\/\/archive.sana.sy\/tr\/index.php?rest_route=\/wp\/v2\/media\/317133"}],"wp:attachment":[{"href":"https:\/\/archive.sana.sy\/tr\/index.php?rest_route=%2Fwp%2Fv2%2Fmedia&parent=317132"}],"wp:term":[{"taxonomy":"category","embeddable":true,"href":"https:\/\/archive.sana.sy\/tr\/index.php?rest_route=%2Fwp%2Fv2%2Fcategories&post=317132"},{"taxonomy":"post_tag","embeddable":true,"href":"https:\/\/archive.sana.sy\/tr\/index.php?rest_route=%2Fwp%2Fv2%2Ftags&post=317132"}],"curies":[{"name":"wp","href":"https:\/\/api.w.org\/{rel}","templated":true}]}}