{"id":317153,"date":"2025-03-15T16:38:13","date_gmt":"2025-03-15T13:38:13","guid":{"rendered":"https:\/\/sana.sy\/tr\/?p=317153"},"modified":"2025-03-15T17:40:49","modified_gmt":"2025-03-15T14:40:49","slug":"disisleri-bakanligi-katar-devletinin-ulke-genelinde-elektrik-saglama-girisimini-memnuniyetle-karsiladi","status":"publish","type":"post","link":"https:\/\/archive.sana.sy\/tr\/?p=317153","title":{"rendered":"D\u0131\u015fi\u015fleri Bakanl\u0131\u011f\u0131, Katar Devleti&#8217;nin \u00dclke Genelinde Elektrik Sa\u011flama Giri\u015fimini Memnuniyetle Kar\u015f\u0131lad\u0131"},"content":{"rendered":"<p style=\"text-align: justify;\"><span style=\"color: #800000;\"><strong>\u015eAM (SANA)<\/strong> &#8211; \u00a0<\/span>D\u0131\u015fi\u015fleri ve Gurbet\u00e7iler Bakanl\u0131\u011f\u0131, Katar Devleti&#8217;nin \u00dcrd\u00fcn \u00fczerinden Suriye&#8217;ye gaz tedarik etme giri\u015fiminden duydu\u011fu derin memnuniyeti dile getirerek, bu giri\u015fimin Suriye&#8217;nin acil enerji ihtiya\u00e7lar\u0131n\u0131n kar\u015f\u0131lanmas\u0131 ve Suriye halk\u0131n\u0131n ac\u0131lar\u0131n\u0131n hafifletilmesi y\u00f6n\u00fcnde \u00f6nemli bir ad\u0131m te\u015fkil etti\u011fini kaydetti.<\/p>\n<p style=\"text-align: justify;\">Bakanl\u0131k, bug\u00fcn Telegram kanal\u0131ndan yapt\u0131\u011f\u0131 a\u00e7\u0131klamada, Katar Kalk\u0131nma Fonu, \u00dcrd\u00fcn Ha\u015fimi Krall\u0131\u011f\u0131 Enerji ve Maden Kaynaklar\u0131 Bakanl\u0131\u011f\u0131 ve Birle\u015fmi\u015f Milletler Kalk\u0131nma Program\u0131 ba\u015fta olmak \u00fczere bu \u00f6nemli programa kat\u0131lan t\u00fcm taraflara i\u00e7ten te\u015fekk\u00fcrlerini ve takdirlerini iletti.<\/p>\n<p style=\"text-align: justify;\">Bakanl\u0131k ayr\u0131ca, program\u0131n Suriye&#8217;deki Deir Ali elektrik santralinde g\u00fcnde 400 megavat elektrik sa\u011flayaca\u011f\u0131n\u0131 ve \u00fcretimi kademeli olarak art\u0131rmay\u0131 planlad\u0131\u011f\u0131n\u0131 belirtirken, \u2018\u2019Bu enerji, \u00fclke genelindeki \u015fehirlere da\u011f\u0131t\u0131lacak, istikrara katk\u0131da bulunacak ve vatanda\u015flar\u0131n y\u00fck\u00fcn\u00fc hafifletecek\u2019\u2019 ifadelerini kulland\u0131.<\/p>\n<p style=\"text-align: justify;\">Bakanl\u0131k a\u00e7\u0131klamas\u0131nda da, Suriyelilerin on y\u0131ldan fazla s\u00fcren sava\u015f, katliam ve yoksunluktan sonra hayatlar\u0131n\u0131 geri kazanmalar\u0131n\u0131 ve onurlu bir \u015fekilde ya\u015famalar\u0131n\u0131 sa\u011flamak i\u00e7in t\u00fcm ortaklarla daha verimli bir i\u015f birli\u011fi yapmay\u0131 d\u00f6rt g\u00f6zle bekledi\u011fini\u00a0 kaydetti ve i\u015f birli\u011fi ve kar\u015f\u0131l\u0131kl\u0131 destek yoluyla g\u00fc\u00e7l\u00fc ve ba\u011f\u0131ms\u0131z bir Suriye&#8217;yi yeniden in\u015fa etme taahh\u00fcd\u00fcn\u00fc teyit etti.<\/p>\n","protected":false},"excerpt":{"rendered":"<p>\u015eAM (SANA) &#8211; \u00a0D\u0131\u015fi\u015fleri ve Gurbet\u00e7iler Bakanl\u0131\u011f\u0131, Katar Devleti&#8217;nin \u00dcrd\u00fcn \u00fczerinden Suriye&#8217;ye gaz tedarik etme giri\u015fiminden duydu\u011fu derin memnuniyeti dile getirerek, bu giri\u015fimin Suriye&#8217;nin acil enerji ihtiya\u00e7lar\u0131n\u0131n kar\u015f\u0131lanmas\u0131 ve Suriye halk\u0131n\u0131n ac\u0131lar\u0131n\u0131n hafifletilmesi y\u00f6n\u00fcnde \u00f6nemli bir ad\u0131m te\u015fkil etti\u011fini kaydetti. Bakanl\u0131k, bug\u00fcn Telegram kanal\u0131ndan yapt\u0131\u011f\u0131 a\u00e7\u0131klamada, Katar Kalk\u0131nma Fonu, \u00dcrd\u00fcn Ha\u015fimi Krall\u0131\u011f\u0131 Enerji ve Maden &hellip;<\/p>\n","protected":false},"author":41,"featured_media":317154,"comment_status":"closed","ping_status":"closed","sticky":false,"template":"","format":"standard","meta":{"footnotes":""},"categories":[589,479,17988,478],"tags":[2420,43552],"class_list":["post-317153","post","type-post","status-publish","format-standard","has-post-thumbnail","","category-haber-seridi","category-haberler-yerel","category-son-haberler","category-yerel","tag-disisleri-bakanligi","tag-katar-devletinin-ulke-genelinde-elektrik-saglama-girisimini-memnuniyetle-karsiladi"],"_links":{"self":[{"href":"https:\/\/archive.sana.sy\/tr\/index.php?rest_route=\/wp\/v2\/posts\/317153","targetHints":{"allow":["GET"]}}],"collection":[{"href":"https:\/\/archive.sana.sy\/tr\/index.php?rest_route=\/wp\/v2\/posts"}],"about":[{"href":"https:\/\/archive.sana.sy\/tr\/index.php?rest_route=\/wp\/v2\/types\/post"}],"author":[{"embeddable":true,"href":"https:\/\/archive.sana.sy\/tr\/index.php?rest_route=\/wp\/v2\/users\/41"}],"replies":[{"embeddable":true,"href":"https:\/\/archive.sana.sy\/tr\/index.php?rest_route=%2Fwp%2Fv2%2Fcomments&post=317153"}],"version-history":[{"count":3,"href":"https:\/\/archive.sana.sy\/tr\/index.php?rest_route=\/wp\/v2\/posts\/317153\/revisions"}],"predecessor-version":[{"id":317167,"href":"https:\/\/archive.sana.sy\/tr\/index.php?rest_route=\/wp\/v2\/posts\/317153\/revisions\/317167"}],"wp:featuredmedia":[{"embeddable":true,"href":"https:\/\/archive.sana.sy\/tr\/index.php?rest_route=\/wp\/v2\/media\/317154"}],"wp:attachment":[{"href":"https:\/\/archive.sana.sy\/tr\/index.php?rest_route=%2Fwp%2Fv2%2Fmedia&parent=317153"}],"wp:term":[{"taxonomy":"category","embeddable":true,"href":"https:\/\/archive.sana.sy\/tr\/index.php?rest_route=%2Fwp%2Fv2%2Fcategories&post=317153"},{"taxonomy":"post_tag","embeddable":true,"href":"https:\/\/archive.sana.sy\/tr\/index.php?rest_route=%2Fwp%2Fv2%2Ftags&post=317153"}],"curies":[{"name":"wp","href":"https:\/\/api.w.org\/{rel}","templated":true}]}}