{"id":317156,"date":"2025-03-15T17:35:33","date_gmt":"2025-03-15T14:35:33","guid":{"rendered":"https:\/\/sana.sy\/tr\/?p=317156"},"modified":"2025-03-15T18:02:21","modified_gmt":"2025-03-15T15:02:21","slug":"humu-halki-suriyenin-kutlu-devriminin-14-yil-donumu-kutladi","status":"publish","type":"post","link":"https:\/\/archive.sana.sy\/tr\/?p=317156","title":{"rendered":"Humu Halk\u0131, Suriye&#8217;nin Kutlu Devriminin 14. Y\u0131l D\u00f6n\u00fcm\u00fc Kutluyor"},"content":{"rendered":"<p style=\"text-align: justify;\"><span style=\"color: #800000;\"><strong>HUMUS (SANA)<\/strong> <\/span>&#8211; Suriye devriminin 14. y\u0131l d\u00f6n\u00fcm\u00fc kutlamalar\u0131 kapsam\u0131nda Humus&#8217;ta, Baba Amr mahallesinden <img loading=\"lazy\" decoding=\"async\" class=\"size-full wp-image-317157 alignright\" src=\"http:\/\/sana.sy\/tr\/wp-content\/uploads\/2025\/03\/photo_1_2025-03-15_16-03-13-300x169-1.jpg\" alt=\"\" width=\"300\" height=\"169\" \/>Halidiye mahallesine do\u011fru yakla\u015f\u0131k 75 arac\u0131n kat\u0131ld\u0131\u011f\u0131 ara\u00e7 konvoyu d\u00fczenlendi.<\/p>\n<p style=\"text-align: justify;\">Baz\u0131 kat\u0131l\u0131mc\u0131lar SANA muhabirine, y\u00fcr\u00fcy\u00fc\u015f\u00fcn devrimin ba\u015flang\u0131c\u0131n\u0131n ve y\u0131llard\u0131r s\u00fcren bask\u0131, adaletsizlik, yerinden etme ve ac\u0131lar\u0131n ard\u0131ndan devrik rejime kar\u015f\u0131 kazan\u0131lan zaferin y\u0131ld\u00f6n\u00fcm\u00fcn\u00fc anman\u0131n verdi\u011fi b\u00fcy\u00fck sevincin bir ifadesi oldu\u011funu s\u00f6yledi.<\/p>\n<p style=\"text-align: justify;\">Kat\u0131l\u0131mc\u0131lar ayr\u0131ca, halk\u0131n haks\u0131zl\u0131\u011fa ve zulme kar\u015f\u0131 iradesini, fedakarl\u0131klar\u0131n\u0131 ve zafere ula\u015fma kararl\u0131l\u0131\u011f\u0131n\u0131 ortaya koydu\u011fu bu tarihi g\u00fcn\u00fcn her \u00d6zg\u00fcr Suriyeli i\u00e7in \u00f6nemli oldu\u011funu vurgulad\u0131.<\/p>\n<div id='gallery-1' class='gallery galleryid-317156 gallery-columns-3 gallery-size-thumbnail'><figure class='gallery-item'>\n\t\t\t<div class='gallery-icon landscape'>\n\t\t\t\t<a href='https:\/\/archive.sana.sy\/tr\/?attachment_id=317158'><img loading=\"lazy\" decoding=\"async\" width=\"150\" height=\"150\" src=\"https:\/\/archive.sana.sy\/tr\/wp-content\/uploads\/2025\/03\/photo_3_2025-03-15_16-31-31-150x150.jpg\" class=\"attachment-thumbnail size-thumbnail\" alt=\"\" \/><\/a>\n\t\t\t<\/div><\/figure><figure class='gallery-item'>\n\t\t\t<div class='gallery-icon landscape'>\n\t\t\t\t<a href='https:\/\/archive.sana.sy\/tr\/?attachment_id=317159'><img loading=\"lazy\" decoding=\"async\" width=\"150\" height=\"150\" src=\"https:\/\/archive.sana.sy\/tr\/wp-content\/uploads\/2025\/03\/photo_4_2025-03-15_16-31-31-150x150.jpg\" class=\"attachment-thumbnail size-thumbnail\" alt=\"\" \/><\/a>\n\t\t\t<\/div><\/figure><figure class='gallery-item'>\n\t\t\t<div class='gallery-icon landscape'>\n\t\t\t\t<a href='https:\/\/archive.sana.sy\/tr\/?attachment_id=317160'><img loading=\"lazy\" decoding=\"async\" width=\"150\" height=\"150\" src=\"https:\/\/archive.sana.sy\/tr\/wp-content\/uploads\/2025\/03\/photo_5_2025-03-15_16-31-31-150x150.jpg\" class=\"attachment-thumbnail size-thumbnail\" alt=\"\" \/><\/a>\n\t\t\t<\/div><\/figure><figure class='gallery-item'>\n\t\t\t<div class='gallery-icon landscape'>\n\t\t\t\t<a href='https:\/\/archive.sana.sy\/tr\/?attachment_id=317161'><img loading=\"lazy\" decoding=\"async\" width=\"150\" height=\"150\" src=\"https:\/\/archive.sana.sy\/tr\/wp-content\/uploads\/2025\/03\/photo_6_2025-03-15_16-31-31-150x150.jpg\" class=\"attachment-thumbnail size-thumbnail\" alt=\"\" \/><\/a>\n\t\t\t<\/div><\/figure><figure class='gallery-item'>\n\t\t\t<div class='gallery-icon landscape'>\n\t\t\t\t<a href='https:\/\/archive.sana.sy\/tr\/?attachment_id=317162'><img loading=\"lazy\" decoding=\"async\" width=\"150\" height=\"150\" src=\"https:\/\/archive.sana.sy\/tr\/wp-content\/uploads\/2025\/03\/photo_7_2025-03-15_16-31-31-150x150.jpg\" class=\"attachment-thumbnail size-thumbnail\" alt=\"\" \/><\/a>\n\t\t\t<\/div><\/figure><figure class='gallery-item'>\n\t\t\t<div class='gallery-icon landscape'>\n\t\t\t\t<a href='https:\/\/archive.sana.sy\/tr\/?attachment_id=317163'><img loading=\"lazy\" decoding=\"async\" width=\"150\" height=\"150\" src=\"https:\/\/archive.sana.sy\/tr\/wp-content\/uploads\/2025\/03\/photo_1_2025-03-15_16-03-13-300x169-2-150x150.jpg\" class=\"attachment-thumbnail size-thumbnail\" alt=\"\" \/><\/a>\n\t\t\t<\/div><\/figure>\n\t\t<\/div>\n\n","protected":false},"excerpt":{"rendered":"<p>HUMUS (SANA) &#8211; Suriye devriminin 14. y\u0131l d\u00f6n\u00fcm\u00fc kutlamalar\u0131 kapsam\u0131nda Humus&#8217;ta, Baba Amr mahallesinden Halidiye mahallesine do\u011fru yakla\u015f\u0131k 75 arac\u0131n kat\u0131ld\u0131\u011f\u0131 ara\u00e7 konvoyu d\u00fczenlendi. Baz\u0131 kat\u0131l\u0131mc\u0131lar SANA muhabirine, y\u00fcr\u00fcy\u00fc\u015f\u00fcn devrimin ba\u015flang\u0131c\u0131n\u0131n ve y\u0131llard\u0131r s\u00fcren bask\u0131, adaletsizlik, yerinden etme ve ac\u0131lar\u0131n ard\u0131ndan devrik rejime kar\u015f\u0131 kazan\u0131lan zaferin y\u0131ld\u00f6n\u00fcm\u00fcn\u00fc anman\u0131n verdi\u011fi b\u00fcy\u00fck sevincin bir ifadesi oldu\u011funu s\u00f6yledi. &hellip;<\/p>\n","protected":false},"author":41,"featured_media":317165,"comment_status":"closed","ping_status":"closed","sticky":false,"template":"","format":"standard","meta":{"footnotes":""},"categories":[589,479,17988,478],"tags":[],"class_list":["post-317156","post","type-post","status-publish","format-standard","has-post-thumbnail","","category-haber-seridi","category-haberler-yerel","category-son-haberler","category-yerel"],"_links":{"self":[{"href":"https:\/\/archive.sana.sy\/tr\/index.php?rest_route=\/wp\/v2\/posts\/317156","targetHints":{"allow":["GET"]}}],"collection":[{"href":"https:\/\/archive.sana.sy\/tr\/index.php?rest_route=\/wp\/v2\/posts"}],"about":[{"href":"https:\/\/archive.sana.sy\/tr\/index.php?rest_route=\/wp\/v2\/types\/post"}],"author":[{"embeddable":true,"href":"https:\/\/archive.sana.sy\/tr\/index.php?rest_route=\/wp\/v2\/users\/41"}],"replies":[{"embeddable":true,"href":"https:\/\/archive.sana.sy\/tr\/index.php?rest_route=%2Fwp%2Fv2%2Fcomments&post=317156"}],"version-history":[{"count":2,"href":"https:\/\/archive.sana.sy\/tr\/index.php?rest_route=\/wp\/v2\/posts\/317156\/revisions"}],"predecessor-version":[{"id":317171,"href":"https:\/\/archive.sana.sy\/tr\/index.php?rest_route=\/wp\/v2\/posts\/317156\/revisions\/317171"}],"wp:featuredmedia":[{"embeddable":true,"href":"https:\/\/archive.sana.sy\/tr\/index.php?rest_route=\/wp\/v2\/media\/317165"}],"wp:attachment":[{"href":"https:\/\/archive.sana.sy\/tr\/index.php?rest_route=%2Fwp%2Fv2%2Fmedia&parent=317156"}],"wp:term":[{"taxonomy":"category","embeddable":true,"href":"https:\/\/archive.sana.sy\/tr\/index.php?rest_route=%2Fwp%2Fv2%2Fcategories&post=317156"},{"taxonomy":"post_tag","embeddable":true,"href":"https:\/\/archive.sana.sy\/tr\/index.php?rest_route=%2Fwp%2Fv2%2Ftags&post=317156"}],"curies":[{"name":"wp","href":"https:\/\/api.w.org\/{rel}","templated":true}]}}