{"id":317168,"date":"2025-03-15T12:46:56","date_gmt":"2025-03-15T09:46:56","guid":{"rendered":"https:\/\/sana.sy\/tr\/?p=317168"},"modified":"2025-03-15T17:49:23","modified_gmt":"2025-03-15T14:49:23","slug":"halep-uluslararasi-havalimani-18-marttan-itibaren-hava-trafigine-yeniden-acilacak","status":"publish","type":"post","link":"https:\/\/archive.sana.sy\/tr\/?p=317168","title":{"rendered":"Halep Uluslararas\u0131 Havaliman\u0131 18 Mart&#8217;tan Itibaren Hava Trafi\u011fine Yeniden A\u00e7\u0131lacak"},"content":{"rendered":"<p style=\"text-align: justify;\"><strong><span style=\"color: #800000;\">HALEP (SANA)<\/span> &#8211;<\/strong> \u00a0Suriye Sivil Havac\u0131l\u0131k Otoritesi, Halep Uluslararas\u0131 Havaliman\u0131&#8217;nda u\u00e7u\u015flar\u0131n 18 Mart Sal\u0131 g\u00fcn\u00fcnden itibaren yeniden ba\u015flayaca\u011f\u0131n\u0131 duyurdu.<\/p>\n<p style=\"text-align: justify;\">Suriye Sivil Havac\u0131l\u0131k Otoritesi, t\u00fcm teknik ve idari haz\u0131rl\u0131klar\u0131n tamamlanmas\u0131n\u0131n ard\u0131ndan havaliman\u0131n\u0131n u\u00e7u\u015flar\u0131 kabul etmeye haz\u0131r oldu\u011funu SANA&#8217;ya do\u011frulad\u0131.<\/p>\n<p style=\"text-align: justify;\">Yetkililer, havaliman\u0131n\u0131n \u00f6n\u00fcm\u00fczdeki Sal\u0131 g\u00fcn\u00fc yeniden a\u00e7\u0131lmas\u0131yla birlikte i\u00e7 ve d\u0131\u015f hat u\u00e7u\u015flar\u0131n\u0131n da ba\u015flayaca\u011f\u0131n\u0131 kaydetti.<\/p>\n<p style=\"text-align: justify;\">Yetkililer ayr\u0131ca, Halep Uluslararas\u0131 Havaliman\u0131&#8217;na ve Halep Uluslararas\u0131 Havaliman\u0131&#8217;ndan u\u00e7u\u015f d\u00fczenlemek isteyen t\u00fcm havayollar\u0131na kap\u0131lar\u0131n\u0131 a\u00e7t\u0131.<\/p>\n","protected":false},"excerpt":{"rendered":"<p>HALEP (SANA) &#8211; \u00a0Suriye Sivil Havac\u0131l\u0131k Otoritesi, Halep Uluslararas\u0131 Havaliman\u0131&#8217;nda u\u00e7u\u015flar\u0131n 18 Mart Sal\u0131 g\u00fcn\u00fcnden itibaren yeniden ba\u015flayaca\u011f\u0131n\u0131 duyurdu. Suriye Sivil Havac\u0131l\u0131k Otoritesi, t\u00fcm teknik ve idari haz\u0131rl\u0131klar\u0131n tamamlanmas\u0131n\u0131n ard\u0131ndan havaliman\u0131n\u0131n u\u00e7u\u015flar\u0131 kabul etmeye haz\u0131r oldu\u011funu SANA&#8217;ya do\u011frulad\u0131. Yetkililer, havaliman\u0131n\u0131n \u00f6n\u00fcm\u00fczdeki Sal\u0131 g\u00fcn\u00fc yeniden a\u00e7\u0131lmas\u0131yla birlikte i\u00e7 ve d\u0131\u015f hat u\u00e7u\u015flar\u0131n\u0131n da ba\u015flayaca\u011f\u0131n\u0131 kaydetti. Yetkililer &hellip;<\/p>\n","protected":false},"author":41,"featured_media":317169,"comment_status":"closed","ping_status":"closed","sticky":false,"template":"","format":"standard","meta":{"footnotes":""},"categories":[589,479,17988,478],"tags":[43553],"class_list":["post-317168","post","type-post","status-publish","format-standard","has-post-thumbnail","","category-haber-seridi","category-haberler-yerel","category-son-haberler","category-yerel","tag-halep-uluslararasi-havalimani-18-marttan-itibaren-hava-trafigine-yeniden-acilacak"],"_links":{"self":[{"href":"https:\/\/archive.sana.sy\/tr\/index.php?rest_route=\/wp\/v2\/posts\/317168","targetHints":{"allow":["GET"]}}],"collection":[{"href":"https:\/\/archive.sana.sy\/tr\/index.php?rest_route=\/wp\/v2\/posts"}],"about":[{"href":"https:\/\/archive.sana.sy\/tr\/index.php?rest_route=\/wp\/v2\/types\/post"}],"author":[{"embeddable":true,"href":"https:\/\/archive.sana.sy\/tr\/index.php?rest_route=\/wp\/v2\/users\/41"}],"replies":[{"embeddable":true,"href":"https:\/\/archive.sana.sy\/tr\/index.php?rest_route=%2Fwp%2Fv2%2Fcomments&post=317168"}],"version-history":[{"count":1,"href":"https:\/\/archive.sana.sy\/tr\/index.php?rest_route=\/wp\/v2\/posts\/317168\/revisions"}],"predecessor-version":[{"id":317170,"href":"https:\/\/archive.sana.sy\/tr\/index.php?rest_route=\/wp\/v2\/posts\/317168\/revisions\/317170"}],"wp:featuredmedia":[{"embeddable":true,"href":"https:\/\/archive.sana.sy\/tr\/index.php?rest_route=\/wp\/v2\/media\/317169"}],"wp:attachment":[{"href":"https:\/\/archive.sana.sy\/tr\/index.php?rest_route=%2Fwp%2Fv2%2Fmedia&parent=317168"}],"wp:term":[{"taxonomy":"category","embeddable":true,"href":"https:\/\/archive.sana.sy\/tr\/index.php?rest_route=%2Fwp%2Fv2%2Fcategories&post=317168"},{"taxonomy":"post_tag","embeddable":true,"href":"https:\/\/archive.sana.sy\/tr\/index.php?rest_route=%2Fwp%2Fv2%2Ftags&post=317168"}],"curies":[{"name":"wp","href":"https:\/\/api.w.org\/{rel}","templated":true}]}}