{"id":317172,"date":"2025-03-15T22:06:03","date_gmt":"2025-03-15T19:06:03","guid":{"rendered":"https:\/\/sana.sy\/tr\/?p=317172"},"modified":"2025-03-16T10:22:44","modified_gmt":"2025-03-16T07:22:44","slug":"lazkiyenin-guneyindeki-raml-mahallesinde-meydana-gelen-patlamada-10-sivil-hayatini-kaybetti","status":"publish","type":"post","link":"https:\/\/archive.sana.sy\/tr\/?p=317172","title":{"rendered":"Lazkiye&#8217;nin G\u00fcneyindeki Raml Mahallesinde Meydana Gelen Patlamada 10 Sivil Hayat\u0131n\u0131 Kaybetti"},"content":{"rendered":"<p style=\"text-align: justify;\"><strong>LAZK\u0130YE (SANA) \u2013<\/strong> Lazkiye&#8217;nin g\u00fcneyindeki Raml semtinde 4 katl\u0131 bir binada bulunan bir h\u0131rdavat ma\u011fazas\u0131nda meydana gelen patlamada 10 sivil hayat\u0131n\u0131 kaybetti, 14 sivil de yaraland\u0131.<\/p>\n<p style=\"text-align: justify;\">SANA\u2019n\u0131n Lazkiye muhabiri, arama kurtarma ve ambulans ekiplerinin 3&#8217;\u00fc kad\u0131n, 2&#8217;si k\u0131z olmak \u00fczere 10 \u00f6l\u00fc ile 4&#8217;\u00fc \u00e7ocuk 14 yaral\u0131y\u0131 hastanelere nakletti\u011fine i\u015faret ederek, arama-kurtarma \u00e7al\u0131\u015fmalar\u0131n\u0131n devam etti\u011fini, enkaz alt\u0131nda kalanlar\u0131n ise y\u0131k\u0131lan konuttan \u00e7\u0131kar\u0131ld\u0131\u011f\u0131n\u0131 belirtti<\/p>\n<p style=\"text-align: justify;\">Muhabir ayr\u0131ca, patlaman\u0131n nedeninin bir ki\u015finin bir h\u0131rdavat ma\u011fazas\u0131nda sava\u015f kal\u0131nt\u0131lar\u0131n\u0131 par\u00e7alamaya \u00e7al\u0131\u015fmas\u0131 oldu\u011funu a\u00e7\u0131klad\u0131.<\/p>\n<div id='gallery-1' class='gallery galleryid-317172 gallery-columns-2 gallery-size-full'><figure class='gallery-item'>\n\t\t\t<div class='gallery-icon landscape'>\n\t\t\t\t<a href='https:\/\/archive.sana.sy\/tr\/wp-content\/uploads\/2025\/03\/photo_1_2025-03-15_19-55-37.jpg'><img loading=\"lazy\" decoding=\"async\" width=\"1200\" height=\"800\" src=\"https:\/\/archive.sana.sy\/tr\/wp-content\/uploads\/2025\/03\/photo_1_2025-03-15_19-55-37.jpg\" class=\"attachment-full size-full\" alt=\"\" srcset=\"https:\/\/archive.sana.sy\/tr\/wp-content\/uploads\/2025\/03\/photo_1_2025-03-15_19-55-37.jpg 1200w, https:\/\/archive.sana.sy\/tr\/wp-content\/uploads\/2025\/03\/photo_1_2025-03-15_19-55-37-300x200.jpg 300w, https:\/\/archive.sana.sy\/tr\/wp-content\/uploads\/2025\/03\/photo_1_2025-03-15_19-55-37-1024x683.jpg 1024w, https:\/\/archive.sana.sy\/tr\/wp-content\/uploads\/2025\/03\/photo_1_2025-03-15_19-55-37-768x512.jpg 768w\" sizes=\"auto, (max-width: 1200px) 100vw, 1200px\" \/><\/a>\n\t\t\t<\/div><\/figure><figure class='gallery-item'>\n\t\t\t<div class='gallery-icon landscape'>\n\t\t\t\t<a href='https:\/\/archive.sana.sy\/tr\/wp-content\/uploads\/2025\/03\/photo_2_2025-03-15_19-55-37.jpg'><img loading=\"lazy\" decoding=\"async\" width=\"1200\" height=\"800\" src=\"https:\/\/archive.sana.sy\/tr\/wp-content\/uploads\/2025\/03\/photo_2_2025-03-15_19-55-37.jpg\" class=\"attachment-full size-full\" alt=\"\" srcset=\"https:\/\/archive.sana.sy\/tr\/wp-content\/uploads\/2025\/03\/photo_2_2025-03-15_19-55-37.jpg 1200w, https:\/\/archive.sana.sy\/tr\/wp-content\/uploads\/2025\/03\/photo_2_2025-03-15_19-55-37-300x200.jpg 300w, https:\/\/archive.sana.sy\/tr\/wp-content\/uploads\/2025\/03\/photo_2_2025-03-15_19-55-37-1024x683.jpg 1024w, https:\/\/archive.sana.sy\/tr\/wp-content\/uploads\/2025\/03\/photo_2_2025-03-15_19-55-37-768x512.jpg 768w\" sizes=\"auto, (max-width: 1200px) 100vw, 1200px\" \/><\/a>\n\t\t\t<\/div><\/figure><figure class='gallery-item'>\n\t\t\t<div class='gallery-icon landscape'>\n\t\t\t\t<a href='https:\/\/archive.sana.sy\/tr\/wp-content\/uploads\/2025\/03\/photo_4_2025-03-15_19-55-37.jpg'><img loading=\"lazy\" decoding=\"async\" width=\"1280\" height=\"853\" src=\"https:\/\/archive.sana.sy\/tr\/wp-content\/uploads\/2025\/03\/photo_4_2025-03-15_19-55-37.jpg\" class=\"attachment-full size-full\" alt=\"\" srcset=\"https:\/\/archive.sana.sy\/tr\/wp-content\/uploads\/2025\/03\/photo_4_2025-03-15_19-55-37.jpg 1280w, https:\/\/archive.sana.sy\/tr\/wp-content\/uploads\/2025\/03\/photo_4_2025-03-15_19-55-37-300x200.jpg 300w, https:\/\/archive.sana.sy\/tr\/wp-content\/uploads\/2025\/03\/photo_4_2025-03-15_19-55-37-1024x682.jpg 1024w, https:\/\/archive.sana.sy\/tr\/wp-content\/uploads\/2025\/03\/photo_4_2025-03-15_19-55-37-768x512.jpg 768w\" sizes=\"auto, (max-width: 1280px) 100vw, 1280px\" \/><\/a>\n\t\t\t<\/div><\/figure><figure class='gallery-item'>\n\t\t\t<div class='gallery-icon landscape'>\n\t\t\t\t<a href='https:\/\/archive.sana.sy\/tr\/wp-content\/uploads\/2025\/03\/photo_6_2025-03-15_19-55-37.jpg'><img loading=\"lazy\" decoding=\"async\" width=\"1280\" height=\"853\" src=\"https:\/\/archive.sana.sy\/tr\/wp-content\/uploads\/2025\/03\/photo_6_2025-03-15_19-55-37.jpg\" class=\"attachment-full size-full\" alt=\"\" srcset=\"https:\/\/archive.sana.sy\/tr\/wp-content\/uploads\/2025\/03\/photo_6_2025-03-15_19-55-37.jpg 1280w, https:\/\/archive.sana.sy\/tr\/wp-content\/uploads\/2025\/03\/photo_6_2025-03-15_19-55-37-300x200.jpg 300w, https:\/\/archive.sana.sy\/tr\/wp-content\/uploads\/2025\/03\/photo_6_2025-03-15_19-55-37-1024x682.jpg 1024w, https:\/\/archive.sana.sy\/tr\/wp-content\/uploads\/2025\/03\/photo_6_2025-03-15_19-55-37-768x512.jpg 768w\" sizes=\"auto, (max-width: 1280px) 100vw, 1280px\" \/><\/a>\n\t\t\t<\/div><\/figure>\n\t\t<\/div>\n\n","protected":false},"excerpt":{"rendered":"<p>LAZK\u0130YE (SANA) \u2013 Lazkiye&#8217;nin g\u00fcneyindeki Raml semtinde 4 katl\u0131 bir binada bulunan bir h\u0131rdavat ma\u011fazas\u0131nda meydana gelen patlamada 10 sivil hayat\u0131n\u0131 kaybetti, 14 sivil de yaraland\u0131. SANA\u2019n\u0131n Lazkiye muhabiri, arama kurtarma ve ambulans ekiplerinin 3&#8217;\u00fc kad\u0131n, 2&#8217;si k\u0131z olmak \u00fczere 10 \u00f6l\u00fc ile 4&#8217;\u00fc \u00e7ocuk 14 yaral\u0131y\u0131 hastanelere nakletti\u011fine i\u015faret ederek, arama-kurtarma \u00e7al\u0131\u015fmalar\u0131n\u0131n devam etti\u011fini, &hellip;<\/p>\n","protected":false},"author":39,"featured_media":317173,"comment_status":"closed","ping_status":"closed","sticky":false,"template":"","format":"standard","meta":{"footnotes":""},"categories":[589,479,478],"tags":[],"class_list":["post-317172","post","type-post","status-publish","format-standard","has-post-thumbnail","","category-haber-seridi","category-haberler-yerel","category-yerel"],"_links":{"self":[{"href":"https:\/\/archive.sana.sy\/tr\/index.php?rest_route=\/wp\/v2\/posts\/317172","targetHints":{"allow":["GET"]}}],"collection":[{"href":"https:\/\/archive.sana.sy\/tr\/index.php?rest_route=\/wp\/v2\/posts"}],"about":[{"href":"https:\/\/archive.sana.sy\/tr\/index.php?rest_route=\/wp\/v2\/types\/post"}],"author":[{"embeddable":true,"href":"https:\/\/archive.sana.sy\/tr\/index.php?rest_route=\/wp\/v2\/users\/39"}],"replies":[{"embeddable":true,"href":"https:\/\/archive.sana.sy\/tr\/index.php?rest_route=%2Fwp%2Fv2%2Fcomments&post=317172"}],"version-history":[{"count":2,"href":"https:\/\/archive.sana.sy\/tr\/index.php?rest_route=\/wp\/v2\/posts\/317172\/revisions"}],"predecessor-version":[{"id":317179,"href":"https:\/\/archive.sana.sy\/tr\/index.php?rest_route=\/wp\/v2\/posts\/317172\/revisions\/317179"}],"wp:featuredmedia":[{"embeddable":true,"href":"https:\/\/archive.sana.sy\/tr\/index.php?rest_route=\/wp\/v2\/media\/317173"}],"wp:attachment":[{"href":"https:\/\/archive.sana.sy\/tr\/index.php?rest_route=%2Fwp%2Fv2%2Fmedia&parent=317172"}],"wp:term":[{"taxonomy":"category","embeddable":true,"href":"https:\/\/archive.sana.sy\/tr\/index.php?rest_route=%2Fwp%2Fv2%2Fcategories&post=317172"},{"taxonomy":"post_tag","embeddable":true,"href":"https:\/\/archive.sana.sy\/tr\/index.php?rest_route=%2Fwp%2Fv2%2Ftags&post=317172"}],"curies":[{"name":"wp","href":"https:\/\/api.w.org\/{rel}","templated":true}]}}