{"id":317185,"date":"2025-03-16T13:03:19","date_gmt":"2025-03-16T10:03:19","guid":{"rendered":"https:\/\/sana.sy\/tr\/?p=317185"},"modified":"2025-03-16T14:21:15","modified_gmt":"2025-03-16T11:21:15","slug":"lazkiye-valisi-ve-siyasi-ofis-muduru-sivil-barisi-desteklemek-amaciyla-jableh-kirsalindaki-koyleri-ziyaret-etti","status":"publish","type":"post","link":"https:\/\/archive.sana.sy\/tr\/?p=317185","title":{"rendered":"Lazkiye Valisi Ve Siyasi Ofis M\u00fcd\u00fcr\u00fc Sivil Bar\u0131\u015f\u0131 Desteklemek Amac\u0131yla Cebleh K\u0131rsal\u0131ndaki K\u00f6yleri Ziyaret Etti"},"content":{"rendered":"<p style=\"text-align: justify;\"><strong><span style=\"color: #800000;\">LAZ\u0130K\u0130YE (SANA)<\/span> \u2013<\/strong> Lazkiye Valisi Say\u0131n Muhammad Osman, Siyasi Ofis M\u00fcd\u00fcr\u00fc Say\u0131n \u0130yad Hazza ile birlikte Cableh \u015fehrinin k\u0131rsal\u0131ndaki El H\u00fcveyiz ve El R\u00fcmeyile k\u00f6ylerini ziyaret ederek, durumlar\u0131n\u0131 kontrol etmek ve b\u00f6lgede sivil bar\u0131\u015f\u0131 g\u00fc\u00e7lendirmek amac\u0131yla halkla bir araya geldi.<\/p>\n<p style=\"text-align: justify;\">Osman, b\u00f6lgede istikrar ve g\u00fcvenli\u011fin korunmas\u0131n\u0131n \u00f6nemini vurgulayarak, valili\u011fin vatanda\u015flar\u0131n korunmas\u0131 ve temel ihtiya\u00e7lar\u0131n\u0131n kar\u015f\u0131lanmas\u0131 i\u00e7in s\u00fcrekli \u00e7al\u0131\u015ft\u0131\u011f\u0131n\u0131 kaydetti.<\/p>\n<p style=\"text-align: justify;\">Lazkiye Valisi Ayr\u0131ca, mezhep\u00e7ili\u011fi reddetmenin ve t\u00fcm gruplar aras\u0131nda bir arada ya\u015fama ruhunu te\u015fvik etmenin \u00f6nemini vurgulad\u0131 ve t\u00fcm Suriye halk\u0131n\u0131n anavatan\u0131n birli\u011fini ve bir hedefi payla\u015ft\u0131\u011f\u0131n\u0131 vurgulad\u0131.<\/p>\n<p style=\"text-align: justify;\">Kendi y\u00f6n\u00fcnden Siyasi Ofis M\u00fcd\u00fcr\u00fc Say\u0131n \u0130yad Hazza, Suriye toplumunun t\u00fcm bile\u015fenleri aras\u0131ndaki ortakl\u0131\u011f\u0131n \u00f6nemine dikkat \u00e7ekerek herkesi ulusal ba\u011flar\u0131 g\u00fc\u00e7lendirmek ve sivil bar\u0131\u015f\u0131 desteklemek i\u00e7in birlikte \u00e7al\u0131\u015fmaya \u00e7a\u011f\u0131rd\u0131.<\/p>\n<p style=\"text-align: justify;\">Hazza ayr\u0131ca gelinen a\u015faman\u0131n, birlik ve beraberlik de\u011ferlerini peki\u015ftirmek i\u00e7in \u00e7abalar\u0131n birle\u015ftirilmesini ve \u00e7al\u0131\u015fmay\u0131 gerektirdi\u011fini vurgulad\u0131.<\/p>\n","protected":false},"excerpt":{"rendered":"<p>LAZ\u0130K\u0130YE (SANA) \u2013 Lazkiye Valisi Say\u0131n Muhammad Osman, Siyasi Ofis M\u00fcd\u00fcr\u00fc Say\u0131n \u0130yad Hazza ile birlikte Cableh \u015fehrinin k\u0131rsal\u0131ndaki El H\u00fcveyiz ve El R\u00fcmeyile k\u00f6ylerini ziyaret ederek, durumlar\u0131n\u0131 kontrol etmek ve b\u00f6lgede sivil bar\u0131\u015f\u0131 g\u00fc\u00e7lendirmek amac\u0131yla halkla bir araya geldi. Osman, b\u00f6lgede istikrar ve g\u00fcvenli\u011fin korunmas\u0131n\u0131n \u00f6nemini vurgulayarak, valili\u011fin vatanda\u015flar\u0131n korunmas\u0131 ve temel ihtiya\u00e7lar\u0131n\u0131n kar\u015f\u0131lanmas\u0131 &hellip;<\/p>\n","protected":false},"author":39,"featured_media":317186,"comment_status":"closed","ping_status":"closed","sticky":false,"template":"","format":"standard","meta":{"footnotes":""},"categories":[589,479,17988,478],"tags":[],"class_list":["post-317185","post","type-post","status-publish","format-standard","has-post-thumbnail","","category-haber-seridi","category-haberler-yerel","category-son-haberler","category-yerel"],"_links":{"self":[{"href":"https:\/\/archive.sana.sy\/tr\/index.php?rest_route=\/wp\/v2\/posts\/317185","targetHints":{"allow":["GET"]}}],"collection":[{"href":"https:\/\/archive.sana.sy\/tr\/index.php?rest_route=\/wp\/v2\/posts"}],"about":[{"href":"https:\/\/archive.sana.sy\/tr\/index.php?rest_route=\/wp\/v2\/types\/post"}],"author":[{"embeddable":true,"href":"https:\/\/archive.sana.sy\/tr\/index.php?rest_route=\/wp\/v2\/users\/39"}],"replies":[{"embeddable":true,"href":"https:\/\/archive.sana.sy\/tr\/index.php?rest_route=%2Fwp%2Fv2%2Fcomments&post=317185"}],"version-history":[{"count":3,"href":"https:\/\/archive.sana.sy\/tr\/index.php?rest_route=\/wp\/v2\/posts\/317185\/revisions"}],"predecessor-version":[{"id":317189,"href":"https:\/\/archive.sana.sy\/tr\/index.php?rest_route=\/wp\/v2\/posts\/317185\/revisions\/317189"}],"wp:featuredmedia":[{"embeddable":true,"href":"https:\/\/archive.sana.sy\/tr\/index.php?rest_route=\/wp\/v2\/media\/317186"}],"wp:attachment":[{"href":"https:\/\/archive.sana.sy\/tr\/index.php?rest_route=%2Fwp%2Fv2%2Fmedia&parent=317185"}],"wp:term":[{"taxonomy":"category","embeddable":true,"href":"https:\/\/archive.sana.sy\/tr\/index.php?rest_route=%2Fwp%2Fv2%2Fcategories&post=317185"},{"taxonomy":"post_tag","embeddable":true,"href":"https:\/\/archive.sana.sy\/tr\/index.php?rest_route=%2Fwp%2Fv2%2Ftags&post=317185"}],"curies":[{"name":"wp","href":"https:\/\/api.w.org\/{rel}","templated":true}]}}