{"id":317238,"date":"2025-03-17T15:18:08","date_gmt":"2025-03-17T12:18:08","guid":{"rendered":"https:\/\/sana.sy\/tr\/?p=317238"},"modified":"2025-03-17T15:18:31","modified_gmt":"2025-03-17T12:18:31","slug":"bakan-el-seybani-ve-urdunlu-mevkidasi-iki-ulke-arasindaki-isbirliginin-artirilmasi-konusunu-gorustu","status":"publish","type":"post","link":"https:\/\/archive.sana.sy\/tr\/?p=317238","title":{"rendered":"Bakan El \u015eeybani Ve \u00dcrd\u00fcnl\u00fc Mevkida\u015f\u0131, \u0130ki \u00dclke Aras\u0131ndaki \u0130\u015fbirli\u011finin Art\u0131r\u0131lmas\u0131 Konusunu G\u00f6r\u00fc\u015ft\u00fc"},"content":{"rendered":"<p style=\"text-align: justify;\"><span style=\"color: #800000;\"><strong>\u015eAM (SANA)<\/strong><\/span> &#8211;\u00a0 D\u0131\u015fi\u015fleri Bakan\u0131 Asaad El \u015eeybani ve \u00dcrd\u00fcnl\u00fc mevkida\u015f\u0131 Eymen Safadi, Bel\u00e7ika&#8217;n\u0131n ba\u015fkenti Br\u00fcksel&#8217;de bug\u00fcn d\u00fczenlenen 9. Suriye&#8217;ye Destek Konferans\u0131 \u00f6ncesinde yap\u0131lan g\u00f6r\u00fc\u015fmelerde, Suriye&#8217;deki son geli\u015fmeler ve iki \u00fclke aras\u0131nda \u00e7e\u015fitli alanlardaki i\u015f birli\u011finin art\u0131r\u0131lmas\u0131 ve geli\u015ftirilmesinin yollar\u0131n\u0131 ele ald\u0131.<\/p>\n<p style=\"text-align: justify;\">Petra Haber Ajans\u0131&#8217;n\u0131n haberine g\u00f6re; Bakan Safadi, \u00dcrd\u00fcn&#8217;\u00fcn Suriye&#8217;nin yeniden in\u015fas\u0131n\u0131, g\u00fcvenli\u011fini ve birli\u011fini koruyan ve Suriye halk\u0131n\u0131n haklar\u0131n\u0131 garanti alt\u0131na alan temeller \u00fczerinde destekleme konusundaki kararl\u0131 tutumunu vurgulad\u0131.<\/p>\n","protected":false},"excerpt":{"rendered":"<p>\u015eAM (SANA) &#8211;\u00a0 D\u0131\u015fi\u015fleri Bakan\u0131 Asaad El \u015eeybani ve \u00dcrd\u00fcnl\u00fc mevkida\u015f\u0131 Eymen Safadi, Bel\u00e7ika&#8217;n\u0131n ba\u015fkenti Br\u00fcksel&#8217;de bug\u00fcn d\u00fczenlenen 9. Suriye&#8217;ye Destek Konferans\u0131 \u00f6ncesinde yap\u0131lan g\u00f6r\u00fc\u015fmelerde, Suriye&#8217;deki son geli\u015fmeler ve iki \u00fclke aras\u0131nda \u00e7e\u015fitli alanlardaki i\u015f birli\u011finin art\u0131r\u0131lmas\u0131 ve geli\u015ftirilmesinin yollar\u0131n\u0131 ele ald\u0131. Petra Haber Ajans\u0131&#8217;n\u0131n haberine g\u00f6re; Bakan Safadi, \u00dcrd\u00fcn&#8217;\u00fcn Suriye&#8217;nin yeniden in\u015fas\u0131n\u0131, g\u00fcvenli\u011fini ve &hellip;<\/p>\n","protected":false},"author":41,"featured_media":317239,"comment_status":"closed","ping_status":"closed","sticky":false,"template":"","format":"standard","meta":{"footnotes":""},"categories":[458,589,459,17988],"tags":[43561,43562],"class_list":["post-317238","post","type-post","status-publish","format-standard","has-post-thumbnail","","category-dunya1","category-haber-seridi","category-haberler-arap-uluslararasi-politika","category-son-haberler","tag-bakan-el-seybani-ve-urdunlu-mevkidasi","tag-iki-ulke-arasindaki-isbirliginin-artirilmasi-konusunu-gorustu"],"_links":{"self":[{"href":"https:\/\/archive.sana.sy\/tr\/index.php?rest_route=\/wp\/v2\/posts\/317238","targetHints":{"allow":["GET"]}}],"collection":[{"href":"https:\/\/archive.sana.sy\/tr\/index.php?rest_route=\/wp\/v2\/posts"}],"about":[{"href":"https:\/\/archive.sana.sy\/tr\/index.php?rest_route=\/wp\/v2\/types\/post"}],"author":[{"embeddable":true,"href":"https:\/\/archive.sana.sy\/tr\/index.php?rest_route=\/wp\/v2\/users\/41"}],"replies":[{"embeddable":true,"href":"https:\/\/archive.sana.sy\/tr\/index.php?rest_route=%2Fwp%2Fv2%2Fcomments&post=317238"}],"version-history":[{"count":2,"href":"https:\/\/archive.sana.sy\/tr\/index.php?rest_route=\/wp\/v2\/posts\/317238\/revisions"}],"predecessor-version":[{"id":317241,"href":"https:\/\/archive.sana.sy\/tr\/index.php?rest_route=\/wp\/v2\/posts\/317238\/revisions\/317241"}],"wp:featuredmedia":[{"embeddable":true,"href":"https:\/\/archive.sana.sy\/tr\/index.php?rest_route=\/wp\/v2\/media\/317239"}],"wp:attachment":[{"href":"https:\/\/archive.sana.sy\/tr\/index.php?rest_route=%2Fwp%2Fv2%2Fmedia&parent=317238"}],"wp:term":[{"taxonomy":"category","embeddable":true,"href":"https:\/\/archive.sana.sy\/tr\/index.php?rest_route=%2Fwp%2Fv2%2Fcategories&post=317238"},{"taxonomy":"post_tag","embeddable":true,"href":"https:\/\/archive.sana.sy\/tr\/index.php?rest_route=%2Fwp%2Fv2%2Ftags&post=317238"}],"curies":[{"name":"wp","href":"https:\/\/api.w.org\/{rel}","templated":true}]}}