{"id":317246,"date":"2025-03-17T16:52:57","date_gmt":"2025-03-17T13:52:57","guid":{"rendered":"https:\/\/sana.sy\/tr\/?p=317246"},"modified":"2025-03-17T16:54:13","modified_gmt":"2025-03-17T13:54:13","slug":"ab-suriyeyi-destekliyoruz-ve-mureffeh-bir-gelecek-insa-etmesi-icin-yanindayiz","status":"publish","type":"post","link":"https:\/\/archive.sana.sy\/tr\/?p=317246","title":{"rendered":"AB: Suriye&#8217;yi Destekliyoruz Ve M\u00fcreffeh Bir Gelecek \u0130n\u015fa Etmesi \u0130\u00e7in Yan\u0131nday\u0131z"},"content":{"rendered":"<p style=\"text-align: justify;\"><span style=\"color: #800000;\"><strong>BR\u00dcKSEL (SANA)<\/strong> <\/span>&#8211;\u00a0 Avrupa Birli\u011fi, Suriye&#8217;ye olan sars\u0131lmaz deste\u011fini ve yeniden yap\u0131lanma ile ekonomik toparlanma \u00e7abalar\u0131na katk\u0131s\u0131n\u0131 teyit ederek, Suriye halk\u0131n\u0131n \u00f6zg\u00fcr ve m\u00fcreffeh bir gelecek in\u015fa etmesine yard\u0131mc\u0131 olmaya devam edece\u011fini kaydetti.<\/p>\n<p style=\"text-align: justify;\">AB, bug\u00fcn resmi internet sitesinde yay\u0131mlad\u0131\u011f\u0131 a\u00e7\u0131klamada, bug\u00fcn \u201cSuriye&#8217;nin Yan\u0131nda Durmak: Ba\u015far\u0131l\u0131 Bir Ge\u00e7i\u015f \u0130\u00e7in \u0130htiya\u00e7lar\u0131 Kar\u015f\u0131lamak\u201d ba\u015fl\u0131\u011f\u0131yla d\u00fczenlenen dokuzuncu Br\u00fcksel konferans\u0131n\u0131n, kapsaml\u0131 ve bar\u0131\u015f\u00e7\u0131l bir ge\u00e7i\u015f s\u00fcreci i\u00e7in uluslararas\u0131 deste\u011fi harekete ge\u00e7irmeyi ve insani ve insani olmayan yard\u0131mlar i\u00e7in s\u00f6z toplamay\u0131 ama\u00e7lad\u0131\u011f\u0131n\u0131 belirterek, Suriye&#8217;deki Suriyeliler ve \u00f6zellikle \u00dcrd\u00fcn, L\u00fcbnan, T\u00fcrkiye, M\u0131s\u0131r ve Irak olmak \u00fczere b\u00f6lgedeki ev sahibi topluluklar i\u00e7in s\u00fcrd\u00fcr\u00fclebilir deste\u011fin sa\u011flanmas\u0131n\u0131n \u00f6nemini vurgulad\u0131.<\/p>\n<p style=\"text-align: justify;\">Birlik ayr\u0131ca \u015funlar\u0131 s\u00f6yledi: \u201cEsad rejiminin d\u00fc\u015f\u00fc\u015f\u00fc, Suriye halk\u0131n\u0131n \u00fclkelerinin gelece\u011fini belirlemesi i\u00e7in tarihi bir an ve f\u0131rsat anlam\u0131na geliyor. Bu kritik d\u00f6nemde Avrupa Birli\u011fi, Suriye halk\u0131n\u0131n yan\u0131nda, Suriye i\u00e7inde ve b\u00f6lge genelinde duruyor. Kapsay\u0131c\u0131, Suriye liderli\u011findeki bir ge\u00e7i\u015f s\u00fcrecini desteklemeye, insani ihtiya\u00e7lar\u0131n kar\u015f\u0131lanmas\u0131na yard\u0131mc\u0131 olmaya ve \u00f6zg\u00fcr, bar\u0131\u015f\u00e7\u0131l ve m\u00fcreffeh bir Suriye in\u015fa etmek i\u00e7in ekonomik toparlanma, yeniden yap\u0131lanma ve istikrar \u00e7abalar\u0131na katk\u0131da bulunmaya devam edecektir.\u201d<\/p>\n<p style=\"text-align: justify;\">Birlik a\u00e7\u0131klamas\u0131nda da, uzun vadeli kat\u0131l\u0131m\u0131 te\u015fvik etmek amac\u0131yla bu y\u0131l i\u00e7inde \u015eam&#8217;da d\u00fczenlenecek bir sivil toplum etkinli\u011fini destekleyece\u011fini kaydetti.<\/p>\n","protected":false},"excerpt":{"rendered":"<p>BR\u00dcKSEL (SANA) &#8211;\u00a0 Avrupa Birli\u011fi, Suriye&#8217;ye olan sars\u0131lmaz deste\u011fini ve yeniden yap\u0131lanma ile ekonomik toparlanma \u00e7abalar\u0131na katk\u0131s\u0131n\u0131 teyit ederek, Suriye halk\u0131n\u0131n \u00f6zg\u00fcr ve m\u00fcreffeh bir gelecek in\u015fa etmesine yard\u0131mc\u0131 olmaya devam edece\u011fini kaydetti. AB, bug\u00fcn resmi internet sitesinde yay\u0131mlad\u0131\u011f\u0131 a\u00e7\u0131klamada, bug\u00fcn \u201cSuriye&#8217;nin Yan\u0131nda Durmak: Ba\u015far\u0131l\u0131 Bir Ge\u00e7i\u015f \u0130\u00e7in \u0130htiya\u00e7lar\u0131 Kar\u015f\u0131lamak\u201d ba\u015fl\u0131\u011f\u0131yla d\u00fczenlenen dokuzuncu Br\u00fcksel konferans\u0131n\u0131n, &hellip;<\/p>\n","protected":false},"author":41,"featured_media":317247,"comment_status":"closed","ping_status":"closed","sticky":false,"template":"","format":"standard","meta":{"footnotes":""},"categories":[458,589,459,17988],"tags":[43564],"class_list":["post-317246","post","type-post","status-publish","format-standard","has-post-thumbnail","","category-dunya1","category-haber-seridi","category-haberler-arap-uluslararasi-politika","category-son-haberler","tag-ab-suriyeyi-destekliyoruz-ve-mureffeh-bir-gelecek-insa-etmesi-icin-yanindayiz"],"_links":{"self":[{"href":"https:\/\/archive.sana.sy\/tr\/index.php?rest_route=\/wp\/v2\/posts\/317246","targetHints":{"allow":["GET"]}}],"collection":[{"href":"https:\/\/archive.sana.sy\/tr\/index.php?rest_route=\/wp\/v2\/posts"}],"about":[{"href":"https:\/\/archive.sana.sy\/tr\/index.php?rest_route=\/wp\/v2\/types\/post"}],"author":[{"embeddable":true,"href":"https:\/\/archive.sana.sy\/tr\/index.php?rest_route=\/wp\/v2\/users\/41"}],"replies":[{"embeddable":true,"href":"https:\/\/archive.sana.sy\/tr\/index.php?rest_route=%2Fwp%2Fv2%2Fcomments&post=317246"}],"version-history":[{"count":2,"href":"https:\/\/archive.sana.sy\/tr\/index.php?rest_route=\/wp\/v2\/posts\/317246\/revisions"}],"predecessor-version":[{"id":317249,"href":"https:\/\/archive.sana.sy\/tr\/index.php?rest_route=\/wp\/v2\/posts\/317246\/revisions\/317249"}],"wp:featuredmedia":[{"embeddable":true,"href":"https:\/\/archive.sana.sy\/tr\/index.php?rest_route=\/wp\/v2\/media\/317247"}],"wp:attachment":[{"href":"https:\/\/archive.sana.sy\/tr\/index.php?rest_route=%2Fwp%2Fv2%2Fmedia&parent=317246"}],"wp:term":[{"taxonomy":"category","embeddable":true,"href":"https:\/\/archive.sana.sy\/tr\/index.php?rest_route=%2Fwp%2Fv2%2Fcategories&post=317246"},{"taxonomy":"post_tag","embeddable":true,"href":"https:\/\/archive.sana.sy\/tr\/index.php?rest_route=%2Fwp%2Fv2%2Ftags&post=317246"}],"curies":[{"name":"wp","href":"https:\/\/api.w.org\/{rel}","templated":true}]}}