{"id":317254,"date":"2025-03-17T20:41:42","date_gmt":"2025-03-17T17:41:42","guid":{"rendered":"https:\/\/sana.sy\/tr\/?p=317254"},"modified":"2025-03-19T09:16:30","modified_gmt":"2025-03-19T06:16:30","slug":"el-seybani-suriyenin-yeniden-insasi-uluslararasi-toplumun-sorumlulugundadir-ve-yaptirimlarin-tamamen-kaldirilmasi-gerekiyor","status":"publish","type":"post","link":"https:\/\/archive.sana.sy\/tr\/?p=317254","title":{"rendered":"El \u015eeybani: Suriye&#8217;nin Yeniden \u0130n\u015fas\u0131 Uluslararas\u0131 Toplumun Sorumlulu\u011fundad\u0131r Ve Yapt\u0131r\u0131mlar\u0131n Tamamen Kald\u0131r\u0131lmas\u0131 Gerekiyor"},"content":{"rendered":"<p style=\"text-align: justify;\"><span style=\"color: #800000;\"><strong>BR\u00dcKSEL (SANA) &#8211;<\/strong><\/span> D\u0131\u015fi\u015fleri ve Gurbet\u00e7iler Bakan\u0131 Asaad El \u015eeybani, Suriye&#8217;nin yeniden in\u015fa s\u00fcrecinin sadece ulusal bir sorumluluk de\u011fil, ayn\u0131 zamanda t\u00fcm uluslararas\u0131 toplumun sorumlulu\u011fu oldu\u011funu vurgulayarak, &#8221;Avrupa Birli\u011fi&#8217;nin baz\u0131 yapt\u0131r\u0131mlar\u0131n kald\u0131r\u0131lmas\u0131 da dahil olmak \u00fczere att\u0131\u011f\u0131 olumlu ad\u0131mlar \u00f6nemlidir, ancak bu \u00f6nlemler Suriye halk\u0131n\u0131n beklentilerinin gerisinde kalm\u0131\u015ft\u0131r&#8221; dedi.<\/p>\n<p style=\"text-align: justify;\">El \u015eeybani, bug\u00fcn Br\u00fcksel&#8217;de Suriye konulu dokuzuncu ba\u011f\u0131\u015f\u00e7\u0131lar konferans\u0131nda yapt\u0131\u011f\u0131 konu\u015fmada \u015funlar\u0131 s\u00f6yledi: &#8221;Br\u00fcksel&#8217;deki bu toplant\u0131, Suriye&#8217;deki s\u0131k\u0131nt\u0131lara kar\u015f\u0131 ahlaki bir g\u00f6rev ve Suriye halk\u0131n\u0131n ac\u0131lar\u0131n\u0131 hafifletmek i\u00e7in uluslararas\u0131 \u00e7abalar\u0131 g\u00fc\u00e7lendirmek ad\u0131na ger\u00e7ek bir f\u0131rsatt\u0131r.&#8221;<\/p>\n<p style=\"text-align: justify;\">El \u015eeybani \u015f\u00f6yle devam etti: \u201cBug\u00fcnk\u00fc ba\u011f\u0131\u015f\u00e7\u0131 konferans\u0131 Suriye&#8217;nin ger\u00e7ek temsilini i\u00e7eriyor ve \u00fclkemiz ger\u00e7ek siyasi d\u00f6n\u00fc\u015f\u00fcmlere tan\u0131k oldu.\u201d<\/p>\n<p><img loading=\"lazy\" decoding=\"async\" class=\"size-full wp-image-317256 alignright\" src=\"http:\/\/sana.sy\/tr\/wp-content\/uploads\/2025\/03\/4-13.jpg\" alt=\"\" width=\"300\" height=\"169\" \/><\/p>\n<p style=\"text-align: justify;\">D\u0131\u015fi\u015fleri Bakan\u0131 ayr\u0131ca, Suriye halk\u0131n\u0131n Suriye&#8217;nin egemenli\u011fine ve birli\u011fine y\u00f6nelik herhangi bir ihlale m\u00fcsamaha g\u00f6stermeyece\u011fini, h\u00fck\u00fcmetin uzla\u015f\u0131y\u0131 ve ulusal diyalo\u011fu te\u015fvik etmek ve t\u00fcm vatanda\u015flar\u0131n\u0131n haklar\u0131n\u0131 korumak i\u00e7in \u00e7al\u0131\u015ft\u0131\u011f\u0131n\u0131 belirtti.<\/p>\n<p style=\"text-align: justify;\">rejimin az\u0131nl\u0131k kart\u0131n\u0131 istismar etti\u011fini ve k\u00f6t\u00fcye kulland\u0131\u011f\u0131n\u0131 anlatan El \u015eeybani, bu kart\u0131n bir daha kullan\u0131lmas\u0131na izin verilmeyece\u011fini kaydetti.<\/p>\n<p style=\"text-align: justify;\">D\u0131\u015fi\u015fleri Bakan\u0131 konu\u015fmas\u0131nda da, \u201cBiz vatanda\u015fl\u0131\u011fa ve t\u00fcm vatanda\u015flar\u0131n hak ve g\u00f6revlerinin e\u015fitli\u011fine inan\u0131yoruz\u201d diyerek, Suriye&#8217;nin g\u00fcvenli\u011fine y\u00f6nelik eski rejim ve s\u0131n\u0131rdaki milislerin yan\u0131 s\u0131ra \u0130srail sald\u0131r\u0131lar\u0131n\u0131n da tehdit olu\u015fturdu\u011funa dikkat \u00e7ekti.<\/p>\n<p>Avrupa Birli\u011fi&#8217;nin baz\u0131 yapt\u0131r\u0131mlar\u0131n ask\u0131ya al\u0131nmas\u0131 da dahil olmak \u00fczere att\u0131\u011f\u0131 olumlu ad\u0131mlar\u0131 takdir eden El \u015eeybani, bu \u00f6nlemlerin Suriye halk\u0131n\u0131n beklentilerini kar\u015f\u0131lamaktan uzak oldu\u011funu da kaydetti.<\/p>\n<p><img loading=\"lazy\" decoding=\"async\" class=\"size-full wp-image-317257 alignright\" src=\"http:\/\/sana.sy\/tr\/wp-content\/uploads\/2025\/03\/3-16.jpg\" alt=\"\" width=\"300\" height=\"183\" \/><\/p>\n<p>Bakan El \u015eeybani, yapt\u0131r\u0131mlar\u0131n devam etmesinin Suriye halk\u0131n\u0131n cezaland\u0131r\u0131lmas\u0131 anlam\u0131na geldi\u011fini belirtirken de, \u00a0yapt\u0131r\u0131mlar\u0131n kald\u0131r\u0131lmas\u0131 gerekti\u011fini, \u00e7\u00fcnk\u00fc yapt\u0131r\u0131mlar\u0131n Suriye&#8217;nin yeniden do\u011fu\u015funu engelledi\u011fini ifade etti.<\/p>\n<p>D\u0131\u015fi\u015fleri Bakan\u0131, Suriye&#8217;nin yeniden in\u015fas\u0131n\u0131n yaln\u0131zca ulusal bir sorumluluk de\u011fil, ayn\u0131 zamanda t\u00fcm uluslararas\u0131 toplumun sorumlulu\u011fu oldu\u011funu kaydetti ve Suriye h\u00fck\u00fcmetinin yard\u0131mlar\u0131n hak edenlere ula\u015fmas\u0131n\u0131 sa\u011flamak i\u00e7in insani ortaklarla birlikte \u00e7al\u0131\u015fma taahh\u00fcd\u00fcn\u00fc teyit etti\u011fini s\u00f6yledi.<\/p>\n<p style=\"text-align: justify;\">El \u015eeybani, t\u00fcm don\u00f6r \u00fclkeler Suriye&#8217;deki yeniden yap\u0131lanma \u00e7al\u0131\u015fmalar\u0131na aktif olarak katk\u0131da bulunmaya ve s\u00fcrd\u00fcr\u00fclebilir kalk\u0131nma projelerini desteklemeye \u00e7a\u011f\u0131rd\u0131 ve yerinden edilmi\u015f ki\u015filerin \u00fclkelerine geri d\u00f6nmelerinin, Suriye ekonomisinin canland\u0131r\u0131lmas\u0131 i\u00e7in uluslararas\u0131 \u00e7aba ve katk\u0131 gerektirdi\u011fini kaydetti.<\/p>\n","protected":false},"excerpt":{"rendered":"<p>BR\u00dcKSEL (SANA) &#8211; D\u0131\u015fi\u015fleri ve Gurbet\u00e7iler Bakan\u0131 Asaad El \u015eeybani, Suriye&#8217;nin yeniden in\u015fa s\u00fcrecinin sadece ulusal bir sorumluluk de\u011fil, ayn\u0131 zamanda t\u00fcm uluslararas\u0131 toplumun sorumlulu\u011fu oldu\u011funu vurgulayarak, &#8221;Avrupa Birli\u011fi&#8217;nin baz\u0131 yapt\u0131r\u0131mlar\u0131n kald\u0131r\u0131lmas\u0131 da dahil olmak \u00fczere att\u0131\u011f\u0131 olumlu ad\u0131mlar \u00f6nemlidir, ancak bu \u00f6nlemler Suriye halk\u0131n\u0131n beklentilerinin gerisinde kalm\u0131\u015ft\u0131r&#8221; dedi. El \u015eeybani, bug\u00fcn Br\u00fcksel&#8217;de Suriye konulu &hellip;<\/p>\n","protected":false},"author":41,"featured_media":317255,"comment_status":"closed","ping_status":"closed","sticky":false,"template":"","format":"standard","meta":{"footnotes":""},"categories":[458,459,17988],"tags":[43566],"class_list":["post-317254","post","type-post","status-publish","format-standard","has-post-thumbnail","","category-dunya1","category-haberler-arap-uluslararasi-politika","category-son-haberler","tag-el-seybani-suriyenin-yeniden-insasi-uluslararasi-toplumun-sorumlulugundadir-ve-yaptirimlarin-tamamen-kaldirilmasi-gerekiyor"],"_links":{"self":[{"href":"https:\/\/archive.sana.sy\/tr\/index.php?rest_route=\/wp\/v2\/posts\/317254","targetHints":{"allow":["GET"]}}],"collection":[{"href":"https:\/\/archive.sana.sy\/tr\/index.php?rest_route=\/wp\/v2\/posts"}],"about":[{"href":"https:\/\/archive.sana.sy\/tr\/index.php?rest_route=\/wp\/v2\/types\/post"}],"author":[{"embeddable":true,"href":"https:\/\/archive.sana.sy\/tr\/index.php?rest_route=\/wp\/v2\/users\/41"}],"replies":[{"embeddable":true,"href":"https:\/\/archive.sana.sy\/tr\/index.php?rest_route=%2Fwp%2Fv2%2Fcomments&post=317254"}],"version-history":[{"count":1,"href":"https:\/\/archive.sana.sy\/tr\/index.php?rest_route=\/wp\/v2\/posts\/317254\/revisions"}],"predecessor-version":[{"id":317258,"href":"https:\/\/archive.sana.sy\/tr\/index.php?rest_route=\/wp\/v2\/posts\/317254\/revisions\/317258"}],"wp:featuredmedia":[{"embeddable":true,"href":"https:\/\/archive.sana.sy\/tr\/index.php?rest_route=\/wp\/v2\/media\/317255"}],"wp:attachment":[{"href":"https:\/\/archive.sana.sy\/tr\/index.php?rest_route=%2Fwp%2Fv2%2Fmedia&parent=317254"}],"wp:term":[{"taxonomy":"category","embeddable":true,"href":"https:\/\/archive.sana.sy\/tr\/index.php?rest_route=%2Fwp%2Fv2%2Fcategories&post=317254"},{"taxonomy":"post_tag","embeddable":true,"href":"https:\/\/archive.sana.sy\/tr\/index.php?rest_route=%2Fwp%2Fv2%2Ftags&post=317254"}],"curies":[{"name":"wp","href":"https:\/\/api.w.org\/{rel}","templated":true}]}}