{"id":317391,"date":"2025-03-19T12:05:42","date_gmt":"2025-03-19T09:05:42","guid":{"rendered":"https:\/\/sana.sy\/tr\/?p=317391"},"modified":"2025-03-19T17:09:59","modified_gmt":"2025-03-19T14:09:59","slug":"urdun-israilin-suriyeye-yonelik-saldirganliklari-uluslararasi-hukukun-acik-bir-ihlalidir","status":"publish","type":"post","link":"https:\/\/archive.sana.sy\/tr\/?p=317391","title":{"rendered":"\u00dcrd\u00fcn: \u0130srail&#8217;in Suriye&#8217;ye Y\u00f6nelik Sald\u0131rganl\u0131klar\u0131 Uluslararas\u0131 Hukukun A\u00e7\u0131k Bir \u0130hlalidir"},"content":{"rendered":"<p style=\"text-align: justify;\"><strong><span style=\"color: #800000;\">AMMAN (SANA)<\/span> \u2013 <\/strong>\u00dcrd\u00fcn, \u0130srail&#8217;in Suriye&#8217;ye y\u00f6nelik sald\u0131rganl\u0131klar\u0131n\u0131 k\u0131nayarak, bu ihlallerin uluslararas\u0131 hukukun a\u00e7\u0131k bir ihlali, Suriye&#8217;nin egemenli\u011fi ve birli\u011finin a\u00e7\u0131k bir ihlali ve b\u00f6lgede tehlikeli bir t\u0131rman\u0131\u015f anlam\u0131na geldi\u011fini vurgulad\u0131.<\/p>\n<p style=\"text-align: justify;\">\u00dcrd\u00fcn Haber Ajans\u0131 Petra&#8217;n\u0131n \u00dcrd\u00fcn D\u0131\u015fi\u015fleri ve Gurbet\u00e7iler Bakanl\u0131\u011f\u0131&#8217;n\u0131n resmi s\u00f6zc\u00fcs\u00fc S\u00fcfyan El Kudah, yapt\u0131\u011f\u0131 a\u00e7\u0131klamada, \u00dcrd\u00fcn&#8217;\u00fcn Suriye&#8217;nin, onun g\u00fcvenli\u011finin, istikrar\u0131n\u0131n ve egemenli\u011finin yan\u0131nda oldu\u011funu vurgulayarak, uluslararas\u0131 topluma hukuki ve ahlaki sorumluluklar\u0131n\u0131 \u00fcstlenmeye, \u0130srail&#8217;i Suriye Arap Cumhuriyeti topraklar\u0131na y\u00f6nelik yasad\u0131\u015f\u0131, provokatif sald\u0131r\u0131lar\u0131n\u0131 durdurmaya ve \u0130srail&#8217;in bu topraklar\u0131n bir k\u0131sm\u0131n\u0131 i\u015fgaline son vermeye zorlamaya \u00e7a\u011f\u0131rd\u0131.<\/p>\n","protected":false},"excerpt":{"rendered":"<p>AMMAN (SANA) \u2013 \u00dcrd\u00fcn, \u0130srail&#8217;in Suriye&#8217;ye y\u00f6nelik sald\u0131rganl\u0131klar\u0131n\u0131 k\u0131nayarak, bu ihlallerin uluslararas\u0131 hukukun a\u00e7\u0131k bir ihlali, Suriye&#8217;nin egemenli\u011fi ve birli\u011finin a\u00e7\u0131k bir ihlali ve b\u00f6lgede tehlikeli bir t\u0131rman\u0131\u015f anlam\u0131na geldi\u011fini vurgulad\u0131. \u00dcrd\u00fcn Haber Ajans\u0131 Petra&#8217;n\u0131n \u00dcrd\u00fcn D\u0131\u015fi\u015fleri ve Gurbet\u00e7iler Bakanl\u0131\u011f\u0131&#8217;n\u0131n resmi s\u00f6zc\u00fcs\u00fc S\u00fcfyan El Kudah, yapt\u0131\u011f\u0131 a\u00e7\u0131klamada, \u00dcrd\u00fcn&#8217;\u00fcn Suriye&#8217;nin, onun g\u00fcvenli\u011finin, istikrar\u0131n\u0131n ve egemenli\u011finin yan\u0131nda &hellip;<\/p>\n","protected":false},"author":39,"featured_media":317392,"comment_status":"closed","ping_status":"closed","sticky":false,"template":"","format":"standard","meta":{"footnotes":""},"categories":[458,589,459,17988],"tags":[],"class_list":["post-317391","post","type-post","status-publish","format-standard","has-post-thumbnail","","category-dunya1","category-haber-seridi","category-haberler-arap-uluslararasi-politika","category-son-haberler"],"_links":{"self":[{"href":"https:\/\/archive.sana.sy\/tr\/index.php?rest_route=\/wp\/v2\/posts\/317391","targetHints":{"allow":["GET"]}}],"collection":[{"href":"https:\/\/archive.sana.sy\/tr\/index.php?rest_route=\/wp\/v2\/posts"}],"about":[{"href":"https:\/\/archive.sana.sy\/tr\/index.php?rest_route=\/wp\/v2\/types\/post"}],"author":[{"embeddable":true,"href":"https:\/\/archive.sana.sy\/tr\/index.php?rest_route=\/wp\/v2\/users\/39"}],"replies":[{"embeddable":true,"href":"https:\/\/archive.sana.sy\/tr\/index.php?rest_route=%2Fwp%2Fv2%2Fcomments&post=317391"}],"version-history":[{"count":2,"href":"https:\/\/archive.sana.sy\/tr\/index.php?rest_route=\/wp\/v2\/posts\/317391\/revisions"}],"predecessor-version":[{"id":317413,"href":"https:\/\/archive.sana.sy\/tr\/index.php?rest_route=\/wp\/v2\/posts\/317391\/revisions\/317413"}],"wp:featuredmedia":[{"embeddable":true,"href":"https:\/\/archive.sana.sy\/tr\/index.php?rest_route=\/wp\/v2\/media\/317392"}],"wp:attachment":[{"href":"https:\/\/archive.sana.sy\/tr\/index.php?rest_route=%2Fwp%2Fv2%2Fmedia&parent=317391"}],"wp:term":[{"taxonomy":"category","embeddable":true,"href":"https:\/\/archive.sana.sy\/tr\/index.php?rest_route=%2Fwp%2Fv2%2Fcategories&post=317391"},{"taxonomy":"post_tag","embeddable":true,"href":"https:\/\/archive.sana.sy\/tr\/index.php?rest_route=%2Fwp%2Fv2%2Ftags&post=317391"}],"curies":[{"name":"wp","href":"https:\/\/api.w.org\/{rel}","templated":true}]}}