{"id":317394,"date":"2025-03-19T12:17:51","date_gmt":"2025-03-19T09:17:51","guid":{"rendered":"https:\/\/sana.sy\/tr\/?p=317394"},"modified":"2025-03-19T16:50:10","modified_gmt":"2025-03-19T13:50:10","slug":"bagimsiz-uluslararasi-sorusturma-komisyonu-suriyeye-uygulanan-tum-yaptirimlarin-sona-ermesi-ve-toparlanmanin-onundeki-engellerin-kaldirilmasi-cagrisinda-bulunuyoruz","status":"publish","type":"post","link":"https:\/\/archive.sana.sy\/tr\/?p=317394","title":{"rendered":"Ba\u011f\u0131ms\u0131z Uluslararas\u0131 Soru\u015fturma Komisyonu: Suriye&#8217;ye Uygulanan T\u00fcm Yapt\u0131r\u0131mlara Son Verilmesi \u00c7a\u011fr\u0131s\u0131nda Bulunuyoruz"},"content":{"rendered":"<p style=\"text-align: justify;\"><strong><span style=\"color: #800000;\">CENEVER (SANA)<\/span> &#8211;\u00a0<\/strong>Ba\u011f\u0131ms\u0131z Uluslararas\u0131 Suriye Soru\u015fturma Komisyonu Ba\u015fkan\u0131 Paulo Sergio Pinheiro, Suriye&#8217;ye uygulanan t\u00fcm yapt\u0131r\u0131mlar\u0131n kald\u0131r\u0131lmas\u0131 ve toparlanma ve yeniden in\u015fan\u0131n \u00f6n\u00fcndeki di\u011fer engellerin kald\u0131r\u0131lmas\u0131 \u00e7a\u011fr\u0131s\u0131nda bulundu.<\/p>\n<p style=\"text-align: justify;\">\u0130nsan Haklar\u0131 Konseyi&#8217;nin Cenevre&#8217;deki elli sekizinci oturumu \u00f6ncesinde yapt\u0131\u011f\u0131 konu\u015fmada Pinheiro, Suriyelilerin \u00fclkeleri i\u00e7in yeni bir gelecek plan\u0131 \u00e7izmek i\u00e7in b\u00fcy\u00fck bir f\u0131rsatla kar\u015f\u0131 kar\u015f\u0131ya olduklar\u0131n\u0131, hesap verebilirlik, ger\u00e7eklerin ortaya \u00e7\u0131kar\u0131lmas\u0131, kay\u0131p ki\u015filerin aranmas\u0131 ve reformlar a\u00e7\u0131s\u0131ndan hangi ad\u0131mlar\u0131 atacaklar\u0131na karar vermeleri gerekti\u011fini ifade etti.<\/p>\n<p style=\"text-align: justify;\">Pineiro ayr\u0131ca, &#8220;Suriye&#8217;nin gelece\u011fi, Suriyeli yetkililerin ve halk\u0131n ge\u00e7mi\u015fte ve yak\u0131n zamanda meydana gelen ihlallerle nas\u0131l ba\u015fa \u00e7\u0131kt\u0131\u011f\u0131yla belirlenecek&#8221; diyerek, eski rejimde onlarca y\u0131ld\u0131r s\u00fcren diktat\u00f6rl\u00fck ve insan haklar\u0131 ihlallerinin b\u0131rakt\u0131\u011f\u0131 yaralar\u0131n h\u0131zl\u0131 bir \u015fekilde iyile\u015fmesinin beklenmedi\u011fine i\u015faret etti.<\/p>\n<p style=\"text-align: justify;\">Pineiro ba\u011f\u0131ms\u0131z soru\u015fturma komitesinin Suriye k\u0131y\u0131s\u0131ndaki olaylarla ilgili bir araya gelerek Suriyelilere ve \u00fclkelerinin h\u00fck\u00fcmetine kapsaml\u0131 sonu\u00e7lar sunmas\u0131n\u0131 umdu\u011funu da ifade etti.<\/p>\n","protected":false},"excerpt":{"rendered":"<p>CENEVER (SANA) &#8211;\u00a0Ba\u011f\u0131ms\u0131z Uluslararas\u0131 Suriye Soru\u015fturma Komisyonu Ba\u015fkan\u0131 Paulo Sergio Pinheiro, Suriye&#8217;ye uygulanan t\u00fcm yapt\u0131r\u0131mlar\u0131n kald\u0131r\u0131lmas\u0131 ve toparlanma ve yeniden in\u015fan\u0131n \u00f6n\u00fcndeki di\u011fer engellerin kald\u0131r\u0131lmas\u0131 \u00e7a\u011fr\u0131s\u0131nda bulundu. \u0130nsan Haklar\u0131 Konseyi&#8217;nin Cenevre&#8217;deki elli sekizinci oturumu \u00f6ncesinde yapt\u0131\u011f\u0131 konu\u015fmada Pinheiro, Suriyelilerin \u00fclkeleri i\u00e7in yeni bir gelecek plan\u0131 \u00e7izmek i\u00e7in b\u00fcy\u00fck bir f\u0131rsatla kar\u015f\u0131 kar\u015f\u0131ya olduklar\u0131n\u0131, hesap verebilirlik, &hellip;<\/p>\n","protected":false},"author":39,"featured_media":317395,"comment_status":"closed","ping_status":"closed","sticky":false,"template":"","format":"standard","meta":{"footnotes":""},"categories":[458,589,459,17988],"tags":[],"class_list":["post-317394","post","type-post","status-publish","format-standard","has-post-thumbnail","","category-dunya1","category-haber-seridi","category-haberler-arap-uluslararasi-politika","category-son-haberler"],"_links":{"self":[{"href":"https:\/\/archive.sana.sy\/tr\/index.php?rest_route=\/wp\/v2\/posts\/317394","targetHints":{"allow":["GET"]}}],"collection":[{"href":"https:\/\/archive.sana.sy\/tr\/index.php?rest_route=\/wp\/v2\/posts"}],"about":[{"href":"https:\/\/archive.sana.sy\/tr\/index.php?rest_route=\/wp\/v2\/types\/post"}],"author":[{"embeddable":true,"href":"https:\/\/archive.sana.sy\/tr\/index.php?rest_route=\/wp\/v2\/users\/39"}],"replies":[{"embeddable":true,"href":"https:\/\/archive.sana.sy\/tr\/index.php?rest_route=%2Fwp%2Fv2%2Fcomments&post=317394"}],"version-history":[{"count":4,"href":"https:\/\/archive.sana.sy\/tr\/index.php?rest_route=\/wp\/v2\/posts\/317394\/revisions"}],"predecessor-version":[{"id":317412,"href":"https:\/\/archive.sana.sy\/tr\/index.php?rest_route=\/wp\/v2\/posts\/317394\/revisions\/317412"}],"wp:featuredmedia":[{"embeddable":true,"href":"https:\/\/archive.sana.sy\/tr\/index.php?rest_route=\/wp\/v2\/media\/317395"}],"wp:attachment":[{"href":"https:\/\/archive.sana.sy\/tr\/index.php?rest_route=%2Fwp%2Fv2%2Fmedia&parent=317394"}],"wp:term":[{"taxonomy":"category","embeddable":true,"href":"https:\/\/archive.sana.sy\/tr\/index.php?rest_route=%2Fwp%2Fv2%2Fcategories&post=317394"},{"taxonomy":"post_tag","embeddable":true,"href":"https:\/\/archive.sana.sy\/tr\/index.php?rest_route=%2Fwp%2Fv2%2Ftags&post=317394"}],"curies":[{"name":"wp","href":"https:\/\/api.w.org\/{rel}","templated":true}]}}