{"id":317398,"date":"2025-03-19T14:23:55","date_gmt":"2025-03-19T11:23:55","guid":{"rendered":"https:\/\/sana.sy\/tr\/?p=317398"},"modified":"2025-03-19T14:23:55","modified_gmt":"2025-03-19T11:23:55","slug":"kuveyt-suriyede-istikrari-saglama-cabalarini-baltalayan-saldirilari-kinadi-ve-uygulanan-yaptirimlarin-kaldirilmasini-talep-etti","status":"publish","type":"post","link":"https:\/\/archive.sana.sy\/tr\/?p=317398","title":{"rendered":"Kuveyt, Suriye&#8217;de \u0130stikrar\u0131 Sa\u011flama \u00c7abalar\u0131n\u0131 Baltalayan Sald\u0131r\u0131lar\u0131 K\u0131nad\u0131 Ve Uygulanan Yapt\u0131r\u0131mlar\u0131n Kald\u0131r\u0131lmas\u0131n\u0131 Talep Etti"},"content":{"rendered":"<p style=\"text-align: justify;\"><span style=\"color: #800000;\"><strong>KUVEYT (SANA)<\/strong> &#8211;<\/span> Kuveyt Devleti, Suriye&#8217;de kanun d\u0131\u015f\u0131 gruplar\u0131n ger\u00e7ekle\u015ftirdi\u011fi, devletin g\u00fcvenlik g\u00fc\u00e7lerini hedef alan ve istikrar\u0131 sa\u011flama \u00e7abalar\u0131n\u0131 baltalayan sald\u0131r\u0131lar\u0131 k\u0131nayarak kararl\u0131 tutumunu s\u00fcrd\u00fcrd\u00fc.<\/p>\n<p style=\"text-align: justify;\">Kuveyt Haber Ajans\u0131 (KUNA), Birle\u015fmi\u015f Milletler ve Cenevre&#8217;deki di\u011fer uluslararas\u0131 \u00f6rg\u00fctlerdeki Kuveyt Daimi Temsilci Yard\u0131mc\u0131s\u0131 M\u00fcste\u015far Abdullah El-Hubaizi&#8217;nin, Birle\u015fmi\u015f Milletler \u0130nsan Haklar\u0131 Konseyi&#8217;nin 58. oturumu kapsam\u0131nda Suriye ile ilgili Ba\u011f\u0131ms\u0131z Uluslararas\u0131 Soru\u015fturma Komisyonu ile etkile\u015fimli diyalog \u00e7er\u00e7evesinde yapt\u0131\u011f\u0131 a\u00e7\u0131klamada \u015funlar\u0131 s\u00f6yledi\u011fini aktard\u0131: &#8220;Kuveyt Devleti, Suriye&#8217;de insan haklar\u0131n\u0131n geli\u015ftirilmesi ve korunmas\u0131 y\u00f6n\u00fcndeki \u00e7abalar\u0131 tam olarak destekliyor ve Suriye makamlar\u0131n\u0131n, \u00f6zellikle Ulusal Diyalog Konferans\u0131&#8217;n\u0131n toplanmas\u0131 olmak \u00fczere, i\u00e7 uzla\u015f\u0131y\u0131 sa\u011flamak i\u00e7in att\u0131\u011f\u0131 olumlu ad\u0131mlar\u0131 takdir ediyor.<\/p>\n<p style=\"text-align: justify;\">El-Hubaizi ayr\u0131ca, kuzeydo\u011fu Suriye&#8217;deki t\u00fcm sivil ve askeri kurumlar\u0131n devlet y\u00f6netimine entegre edilmesi anla\u015fmas\u0131n\u0131 memnuniyetle kar\u015f\u0131lad\u0131 ve bunu \u00fclkenin birli\u011fini peki\u015ftirmeye y\u00f6nelik bir ad\u0131m olarak de\u011ferlendirdi.<\/p>\n<p style=\"text-align: justify;\">Suriye&#8217;nin birli\u011fine, g\u00fcvenli\u011fine, ba\u011f\u0131ms\u0131zl\u0131\u011f\u0131na ve toprak b\u00fct\u00fcnl\u00fc\u011f\u00fcne sayg\u0131 g\u00f6sterilmesi gerekti\u011fini vurgulayan El-Hubaizi, Kuveyt&#8217;in, \u0130srail i\u015fgal g\u00fc\u00e7lerinin Suriye topraklar\u0131na y\u00f6nelik devam eden sald\u0131r\u0131lar\u0131n\u0131 k\u0131nad\u0131\u011f\u0131n\u0131, bunlar\u0131n uluslararas\u0131 hukuka ve BM \u015eart\u0131&#8217;na ayk\u0131r\u0131 oldu\u011funu ve b\u00f6lgesel g\u00fcvenli\u011fe tehdit olu\u015fturdu\u011funu belirtti.<\/p>\n<p style=\"text-align: justify;\">El-Hubaizi a\u00e7\u0131klamas\u0131nda da, \u00a0Kuveyt Devleti&#8217;nin Suriye halk\u0131na ve temel haklar\u0131na olumsuz etkileri nedeniyle Suriye&#8217;ye uygulanan yapt\u0131r\u0131mlar\u0131n kald\u0131r\u0131lmas\u0131 gerekti\u011fi \u00e7a\u011fr\u0131s\u0131n\u0131 yineledi.<\/p>\n<p style=\"text-align: justify;\">Bu ba\u011flamda Suriye halk\u0131na insani yard\u0131m sa\u011flanmas\u0131n\u0131n ve erken toparlanma \u00e7abalar\u0131n\u0131n desteklenmesinin gereklili\u011fini kaydeden El-Hubaizi, Kuveyt&#8217;in Suriye halk\u0131n\u0131n istikrar, g\u00fcvenlik ve adaletin egemen oldu\u011fu bir gelece\u011fe ili\u015fkin \u00f6zlem ve umutlar\u0131n\u0131n ger\u00e7ekle\u015fmesini umdu\u011funu dile getirdi.<\/p>\n","protected":false},"excerpt":{"rendered":"<p>KUVEYT (SANA) &#8211; Kuveyt Devleti, Suriye&#8217;de kanun d\u0131\u015f\u0131 gruplar\u0131n ger\u00e7ekle\u015ftirdi\u011fi, devletin g\u00fcvenlik g\u00fc\u00e7lerini hedef alan ve istikrar\u0131 sa\u011flama \u00e7abalar\u0131n\u0131 baltalayan sald\u0131r\u0131lar\u0131 k\u0131nayarak kararl\u0131 tutumunu s\u00fcrd\u00fcrd\u00fc. Kuveyt Haber Ajans\u0131 (KUNA), Birle\u015fmi\u015f Milletler ve Cenevre&#8217;deki di\u011fer uluslararas\u0131 \u00f6rg\u00fctlerdeki Kuveyt Daimi Temsilci Yard\u0131mc\u0131s\u0131 M\u00fcste\u015far Abdullah El-Hubaizi&#8217;nin, Birle\u015fmi\u015f Milletler \u0130nsan Haklar\u0131 Konseyi&#8217;nin 58. oturumu kapsam\u0131nda Suriye ile ilgili Ba\u011f\u0131ms\u0131z &hellip;<\/p>\n","protected":false},"author":41,"featured_media":317399,"comment_status":"closed","ping_status":"closed","sticky":false,"template":"","format":"standard","meta":{"footnotes":""},"categories":[458,589,459,17988],"tags":[31796,43574],"class_list":["post-317398","post","type-post","status-publish","format-standard","has-post-thumbnail","","category-dunya1","category-haber-seridi","category-haberler-arap-uluslararasi-politika","category-son-haberler","tag-kuveyt","tag-suriyede-istikrari-saglama-cabalarini-baltalayan-saldirilari-kinadi-ve-uygulanan-yaptirimlarin-kaldirilmasini-talep-etti"],"_links":{"self":[{"href":"https:\/\/archive.sana.sy\/tr\/index.php?rest_route=\/wp\/v2\/posts\/317398","targetHints":{"allow":["GET"]}}],"collection":[{"href":"https:\/\/archive.sana.sy\/tr\/index.php?rest_route=\/wp\/v2\/posts"}],"about":[{"href":"https:\/\/archive.sana.sy\/tr\/index.php?rest_route=\/wp\/v2\/types\/post"}],"author":[{"embeddable":true,"href":"https:\/\/archive.sana.sy\/tr\/index.php?rest_route=\/wp\/v2\/users\/41"}],"replies":[{"embeddable":true,"href":"https:\/\/archive.sana.sy\/tr\/index.php?rest_route=%2Fwp%2Fv2%2Fcomments&post=317398"}],"version-history":[{"count":1,"href":"https:\/\/archive.sana.sy\/tr\/index.php?rest_route=\/wp\/v2\/posts\/317398\/revisions"}],"predecessor-version":[{"id":317400,"href":"https:\/\/archive.sana.sy\/tr\/index.php?rest_route=\/wp\/v2\/posts\/317398\/revisions\/317400"}],"wp:featuredmedia":[{"embeddable":true,"href":"https:\/\/archive.sana.sy\/tr\/index.php?rest_route=\/wp\/v2\/media\/317399"}],"wp:attachment":[{"href":"https:\/\/archive.sana.sy\/tr\/index.php?rest_route=%2Fwp%2Fv2%2Fmedia&parent=317398"}],"wp:term":[{"taxonomy":"category","embeddable":true,"href":"https:\/\/archive.sana.sy\/tr\/index.php?rest_route=%2Fwp%2Fv2%2Fcategories&post=317398"},{"taxonomy":"post_tag","embeddable":true,"href":"https:\/\/archive.sana.sy\/tr\/index.php?rest_route=%2Fwp%2Fv2%2Ftags&post=317398"}],"curies":[{"name":"wp","href":"https:\/\/api.w.org\/{rel}","templated":true}]}}