{"id":317401,"date":"2025-03-19T14:33:57","date_gmt":"2025-03-19T11:33:57","guid":{"rendered":"https:\/\/sana.sy\/tr\/?p=317401"},"modified":"2025-03-19T14:34:38","modified_gmt":"2025-03-19T11:34:38","slug":"korfez-isbirligi-konseyi-suriyenin-birligi-ve-istikrarina-destegini-vurguladi","status":"publish","type":"post","link":"https:\/\/archive.sana.sy\/tr\/?p=317401","title":{"rendered":"K\u00f6rfez \u0130\u015fbirli\u011fi Konseyi, Suriye&#8217;nin Birli\u011fi Ve \u0130stikrar\u0131na Deste\u011fini Vurgulad\u0131"},"content":{"rendered":"<p style=\"text-align: justify;\"><strong><span style=\"color: #800000;\">CENEVRE (SANA)<\/span> &#8211;<\/strong> \u00a0K\u00f6rfez \u0130\u015fbirli\u011fi Konseyi (K\u0130K), Suriye&#8217;nin egemenli\u011fine, ba\u011f\u0131ms\u0131zl\u0131\u011f\u0131na, birli\u011fine ve toprak b\u00fct\u00fcnl\u00fc\u011f\u00fcne deste\u011fini teyit etti ve i\u00e7i\u015flerine yabanc\u0131 m\u00fcdahalelerin reddedildi\u011fini bildirdi.<\/p>\n<p style=\"text-align: justify;\">Bu, K\u00f6rfez \u0130\u015fbirli\u011fi Konseyi \u00fclkeleri B\u00fcy\u00fckel\u00e7iler Konseyi Ba\u015fkan\u0131 ve Kuveyt&#8217;in Birle\u015fmi\u015f Milletler ve Cenevre&#8217;deki di\u011fer uluslararas\u0131 kurulu\u015flardaki Daimi Temsilcisi Nas\u0131r El Heyin&#8217;in Kuveyt Haber Ajans\u0131&#8217;na (KUNA) yapt\u0131\u011f\u0131 a\u00e7\u0131klamada geldi.<\/p>\n<p style=\"text-align: justify;\">El Heyin ayr\u0131ca, a\u00e7\u0131klamas\u0131nda, K\u00f6rfez \u0130\u015fbirli\u011fi Konseyi \u00fclkelerinin, Suriye&#8217;de hukukun \u00fcst\u00fcnl\u00fc\u011f\u00fc ve adalet temelinde g\u00fcvenlik, istikrar ve refah\u0131n sa\u011flanmas\u0131 yoluyla kapsaml\u0131 bir siyasi ge\u00e7i\u015fin sa\u011flanmas\u0131n\u0131 ama\u00e7layan t\u00fcm \u00e7abalara destek verdi\u011fini vurgulad\u0131.<\/p>\n<p style=\"text-align: justify;\">K\u00f6rfez \u0130\u015fbirli\u011fi Konseyi, Suriye Ulusal Diyalog Konferans\u0131&#8217;n\u0131n toplanmas\u0131n\u0131 memnuniyetle kar\u015f\u0131layarak, Suriye halk\u0131n\u0131n t\u00fcm \u00e7e\u015fitlili\u011fiyle umut ve \u00f6zlemlerinin ger\u00e7ekle\u015ftirilmesine, Suriye&#8217;nin birli\u011fi ve egemenli\u011finin korunmas\u0131na katk\u0131da bulunmas\u0131n\u0131 umdu\u011funu dile getirdi.<\/p>\n<p style=\"text-align: justify;\">El Heyin a\u00e7\u0131klamas\u0131nda da, Konsey \u00fcyesi devletlere Suriye&#8217;ye uygulanan yapt\u0131r\u0131mlar\u0131n kald\u0131r\u0131lmas\u0131 ve Suriye halk\u0131na her t\u00fcrl\u00fc deste\u011fin sa\u011flanmas\u0131 \u00e7a\u011fr\u0131s\u0131n\u0131 yineleyerek, Konsey&#8217;in insani yard\u0131m sa\u011flama konusundaki kararl\u0131l\u0131\u011f\u0131n\u0131n s\u00fcrd\u00fc\u011f\u00fcn\u00fc vurgulad\u0131.<\/p>\n","protected":false},"excerpt":{"rendered":"<p>CENEVRE (SANA) &#8211; \u00a0K\u00f6rfez \u0130\u015fbirli\u011fi Konseyi (K\u0130K), Suriye&#8217;nin egemenli\u011fine, ba\u011f\u0131ms\u0131zl\u0131\u011f\u0131na, birli\u011fine ve toprak b\u00fct\u00fcnl\u00fc\u011f\u00fcne deste\u011fini teyit etti ve i\u00e7i\u015flerine yabanc\u0131 m\u00fcdahalelerin reddedildi\u011fini bildirdi. Bu, K\u00f6rfez \u0130\u015fbirli\u011fi Konseyi \u00fclkeleri B\u00fcy\u00fckel\u00e7iler Konseyi Ba\u015fkan\u0131 ve Kuveyt&#8217;in Birle\u015fmi\u015f Milletler ve Cenevre&#8217;deki di\u011fer uluslararas\u0131 kurulu\u015flardaki Daimi Temsilcisi Nas\u0131r El Heyin&#8217;in Kuveyt Haber Ajans\u0131&#8217;na (KUNA) yapt\u0131\u011f\u0131 a\u00e7\u0131klamada geldi. El Heyin ayr\u0131ca, &hellip;<\/p>\n","protected":false},"author":41,"featured_media":317402,"comment_status":"closed","ping_status":"closed","sticky":false,"template":"","format":"standard","meta":{"footnotes":""},"categories":[458,589,459,17988],"tags":[43575,43576],"class_list":["post-317401","post","type-post","status-publish","format-standard","has-post-thumbnail","","category-dunya1","category-haber-seridi","category-haberler-arap-uluslararasi-politika","category-son-haberler","tag-korfez-isbirligi-konseyi","tag-suriyenin-birligi-ve-istikrarina-destegini-vurguladi"],"_links":{"self":[{"href":"https:\/\/archive.sana.sy\/tr\/index.php?rest_route=\/wp\/v2\/posts\/317401","targetHints":{"allow":["GET"]}}],"collection":[{"href":"https:\/\/archive.sana.sy\/tr\/index.php?rest_route=\/wp\/v2\/posts"}],"about":[{"href":"https:\/\/archive.sana.sy\/tr\/index.php?rest_route=\/wp\/v2\/types\/post"}],"author":[{"embeddable":true,"href":"https:\/\/archive.sana.sy\/tr\/index.php?rest_route=\/wp\/v2\/users\/41"}],"replies":[{"embeddable":true,"href":"https:\/\/archive.sana.sy\/tr\/index.php?rest_route=%2Fwp%2Fv2%2Fcomments&post=317401"}],"version-history":[{"count":2,"href":"https:\/\/archive.sana.sy\/tr\/index.php?rest_route=\/wp\/v2\/posts\/317401\/revisions"}],"predecessor-version":[{"id":317404,"href":"https:\/\/archive.sana.sy\/tr\/index.php?rest_route=\/wp\/v2\/posts\/317401\/revisions\/317404"}],"wp:featuredmedia":[{"embeddable":true,"href":"https:\/\/archive.sana.sy\/tr\/index.php?rest_route=\/wp\/v2\/media\/317402"}],"wp:attachment":[{"href":"https:\/\/archive.sana.sy\/tr\/index.php?rest_route=%2Fwp%2Fv2%2Fmedia&parent=317401"}],"wp:term":[{"taxonomy":"category","embeddable":true,"href":"https:\/\/archive.sana.sy\/tr\/index.php?rest_route=%2Fwp%2Fv2%2Fcategories&post=317401"},{"taxonomy":"post_tag","embeddable":true,"href":"https:\/\/archive.sana.sy\/tr\/index.php?rest_route=%2Fwp%2Fv2%2Ftags&post=317401"}],"curies":[{"name":"wp","href":"https:\/\/api.w.org\/{rel}","templated":true}]}}