{"id":317405,"date":"2025-03-19T14:41:21","date_gmt":"2025-03-19T11:41:21","guid":{"rendered":"https:\/\/sana.sy\/tr\/?p=317405"},"modified":"2025-03-19T14:41:21","modified_gmt":"2025-03-19T11:41:21","slug":"misir-israilin-suriye-topraklarina-yonelik-saldirilari-tehlikeli-bir-tirmanistir-ve-suriye-egemenliginin-acik-bir-ihlalidir","status":"publish","type":"post","link":"https:\/\/archive.sana.sy\/tr\/?p=317405","title":{"rendered":"M\u0131s\u0131r: \u0130srail&#8217;in Suriye Topraklar\u0131na Y\u00f6nelik Sald\u0131r\u0131lar\u0131 Tehlikeli Bir T\u0131rman\u0131\u015ft\u0131r Ve Suriye Egemenli\u011finin A\u00e7\u0131k Bir \u0130hlalidir"},"content":{"rendered":"<p style=\"text-align: justify;\"><strong><span style=\"color: #800000;\">KAH\u0130RE (SANA)<\/span> &#8211;<\/strong>\u00a0 M\u0131s\u0131r D\u0131\u015fi\u015fleri Bakanl\u0131\u011f\u0131, \u0130srail&#8217;in Suriye topraklar\u0131na y\u00f6nelik sald\u0131r\u0131lar\u0131n\u0131 k\u0131nayarak, bunlar\u0131n tehlikeli bir t\u0131rman\u0131\u015f oldu\u011funu ve Suriye&#8217;nin egemenli\u011fine, ba\u011f\u0131ms\u0131zl\u0131\u011f\u0131na ve toprak b\u00fct\u00fcnl\u00fc\u011f\u00fcne y\u00f6nelik a\u00e7\u0131k bir ihlal oldu\u011funu vurgulad\u0131.<\/p>\n<p style=\"text-align: justify;\">M\u0131s\u0131r D\u0131\u015fi\u015fleri Bakanl\u0131\u011f\u0131&#8217;n\u0131n resmi Facebook sayfas\u0131ndan yay\u0131mlanan a\u00e7\u0131klamas\u0131nda \u015fu ifadelere yer verildi: \u00a0&#8220;M\u0131s\u0131r, \u0130srail&#8217;in karde\u015f Suriye Arap Cumhuriyeti topraklar\u0131na y\u00f6nelik sald\u0131r\u0131lar\u0131n\u0131 bir oldubittiyi dayatma giri\u015fimi olarak de\u011ferlendiriyor ve \u0130srail&#8217;in b\u00f6lgede gerginli\u011fi t\u0131rmand\u0131rmaya devam etme \u0131srar\u0131n\u0131n bir yans\u0131mas\u0131 olarak g\u00f6r\u00fcyor.&#8221;<\/p>\n<p style=\"text-align: justify;\">Bakanl\u0131k ayr\u0131ca, a\u00e7\u0131klamas\u0131n\u0131n sonunda uluslararas\u0131 akt\u00f6rler ve G\u00fcvenlik Konseyi&#8217;ni, \u0130srail&#8217;in tekrarlanan ihlallerini k\u0131nayarak, \u0130srail&#8217;in sorumsuz politikalar\u0131na son vererek, \u0130srail&#8217;i Suriye topraklar\u0131ndaki i\u015fgaline son vermeye ve uluslararas\u0131 hukuka uymaya mecbur k\u0131larak sorumluluklar\u0131n\u0131 \u00fcstlenmeye \u00e7a\u011f\u0131rd\u0131.<\/p>\n","protected":false},"excerpt":{"rendered":"<p>KAH\u0130RE (SANA) &#8211;\u00a0 M\u0131s\u0131r D\u0131\u015fi\u015fleri Bakanl\u0131\u011f\u0131, \u0130srail&#8217;in Suriye topraklar\u0131na y\u00f6nelik sald\u0131r\u0131lar\u0131n\u0131 k\u0131nayarak, bunlar\u0131n tehlikeli bir t\u0131rman\u0131\u015f oldu\u011funu ve Suriye&#8217;nin egemenli\u011fine, ba\u011f\u0131ms\u0131zl\u0131\u011f\u0131na ve toprak b\u00fct\u00fcnl\u00fc\u011f\u00fcne y\u00f6nelik a\u00e7\u0131k bir ihlal oldu\u011funu vurgulad\u0131. M\u0131s\u0131r D\u0131\u015fi\u015fleri Bakanl\u0131\u011f\u0131&#8217;n\u0131n resmi Facebook sayfas\u0131ndan yay\u0131mlanan a\u00e7\u0131klamas\u0131nda \u015fu ifadelere yer verildi: \u00a0&#8220;M\u0131s\u0131r, \u0130srail&#8217;in karde\u015f Suriye Arap Cumhuriyeti topraklar\u0131na y\u00f6nelik sald\u0131r\u0131lar\u0131n\u0131 bir oldubittiyi dayatma giri\u015fimi &hellip;<\/p>\n","protected":false},"author":41,"featured_media":317406,"comment_status":"closed","ping_status":"closed","sticky":false,"template":"","format":"standard","meta":{"footnotes":""},"categories":[458,589,459,17988],"tags":[43577],"class_list":["post-317405","post","type-post","status-publish","format-standard","has-post-thumbnail","","category-dunya1","category-haber-seridi","category-haberler-arap-uluslararasi-politika","category-son-haberler","tag-misir-israilin-suriye-topraklarina-yonelik-saldirilari-tehlikeli-bir-tirmanistir-ve-suriye-egemenliginin-acik-bir-ihlalidir"],"_links":{"self":[{"href":"https:\/\/archive.sana.sy\/tr\/index.php?rest_route=\/wp\/v2\/posts\/317405","targetHints":{"allow":["GET"]}}],"collection":[{"href":"https:\/\/archive.sana.sy\/tr\/index.php?rest_route=\/wp\/v2\/posts"}],"about":[{"href":"https:\/\/archive.sana.sy\/tr\/index.php?rest_route=\/wp\/v2\/types\/post"}],"author":[{"embeddable":true,"href":"https:\/\/archive.sana.sy\/tr\/index.php?rest_route=\/wp\/v2\/users\/41"}],"replies":[{"embeddable":true,"href":"https:\/\/archive.sana.sy\/tr\/index.php?rest_route=%2Fwp%2Fv2%2Fcomments&post=317405"}],"version-history":[{"count":1,"href":"https:\/\/archive.sana.sy\/tr\/index.php?rest_route=\/wp\/v2\/posts\/317405\/revisions"}],"predecessor-version":[{"id":317407,"href":"https:\/\/archive.sana.sy\/tr\/index.php?rest_route=\/wp\/v2\/posts\/317405\/revisions\/317407"}],"wp:featuredmedia":[{"embeddable":true,"href":"https:\/\/archive.sana.sy\/tr\/index.php?rest_route=\/wp\/v2\/media\/317406"}],"wp:attachment":[{"href":"https:\/\/archive.sana.sy\/tr\/index.php?rest_route=%2Fwp%2Fv2%2Fmedia&parent=317405"}],"wp:term":[{"taxonomy":"category","embeddable":true,"href":"https:\/\/archive.sana.sy\/tr\/index.php?rest_route=%2Fwp%2Fv2%2Fcategories&post=317405"},{"taxonomy":"post_tag","embeddable":true,"href":"https:\/\/archive.sana.sy\/tr\/index.php?rest_route=%2Fwp%2Fv2%2Ftags&post=317405"}],"curies":[{"name":"wp","href":"https:\/\/api.w.org\/{rel}","templated":true}]}}