{"id":317418,"date":"2025-03-19T17:23:25","date_gmt":"2025-03-19T14:23:25","guid":{"rendered":"https:\/\/sana.sy\/tr\/?p=317418"},"modified":"2025-03-19T17:23:25","modified_gmt":"2025-03-19T14:23:25","slug":"sanayi-bakani-seramik-ve-saglik-gerecleri-ureticileriyle-is-engellerini-gorustu","status":"publish","type":"post","link":"https:\/\/archive.sana.sy\/tr\/?p=317418","title":{"rendered":"Sanayi Bakan\u0131, Seramik Ve Sa\u011fl\u0131k Gere\u00e7leri \u00dcreticileriyle \u0130\u015f Engellerini G\u00f6r\u00fc\u015ft\u00fc"},"content":{"rendered":"<p style=\"text-align: justify;\"><span style=\"color: #800000;\"><strong>\u015eAM (SANA)<\/strong> <\/span>&#8211; \u00a0Sanayi Bakan\u0131 M\u00fch. Basil AbdulAziz Abdulhannan, Suriye&#8217;deki seramik ve s\u0131hhi tesisat fabrikas\u0131 ve at\u00f6lye sahiplerinden olu\u015fan heyetle bir araya geldi.<\/p>\n<p style=\"text-align: justify;\">Sanayi Bakanl\u0131\u011f\u0131&#8217;nda ger\u00e7ekle\u015fen g\u00f6r\u00fc\u015fmede, i\u015f engelleri, enerji kaynakl\u0131 baz\u0131 sorunlar ve b\u00fcy\u00fck b\u00f6l\u00fcm\u00fc duran fabrikalar\u0131n yeniden faaliyete ge\u00e7mesi i\u00e7in kolayl\u0131k sa\u011flanmas\u0131 konular\u0131 ele al\u0131nd\u0131.<\/p>\n","protected":false},"excerpt":{"rendered":"<p>\u015eAM (SANA) &#8211; \u00a0Sanayi Bakan\u0131 M\u00fch. Basil AbdulAziz Abdulhannan, Suriye&#8217;deki seramik ve s\u0131hhi tesisat fabrikas\u0131 ve at\u00f6lye sahiplerinden olu\u015fan heyetle bir araya geldi. Sanayi Bakanl\u0131\u011f\u0131&#8217;nda ger\u00e7ekle\u015fen g\u00f6r\u00fc\u015fmede, i\u015f engelleri, enerji kaynakl\u0131 baz\u0131 sorunlar ve b\u00fcy\u00fck b\u00f6l\u00fcm\u00fc duran fabrikalar\u0131n yeniden faaliyete ge\u00e7mesi i\u00e7in kolayl\u0131k sa\u011flanmas\u0131 konular\u0131 ele al\u0131nd\u0131.<\/p>\n","protected":false},"author":41,"featured_media":317419,"comment_status":"closed","ping_status":"closed","sticky":false,"template":"","format":"standard","meta":{"footnotes":""},"categories":[485,589,486,479,17988,478],"tags":[],"class_list":["post-317418","post","type-post","status-publish","format-standard","has-post-thumbnail","","category-is-ve-sermaye","category-haber-seridi","category-haberler-is-ve-sermaye","category-haberler-yerel","category-son-haberler","category-yerel"],"_links":{"self":[{"href":"https:\/\/archive.sana.sy\/tr\/index.php?rest_route=\/wp\/v2\/posts\/317418","targetHints":{"allow":["GET"]}}],"collection":[{"href":"https:\/\/archive.sana.sy\/tr\/index.php?rest_route=\/wp\/v2\/posts"}],"about":[{"href":"https:\/\/archive.sana.sy\/tr\/index.php?rest_route=\/wp\/v2\/types\/post"}],"author":[{"embeddable":true,"href":"https:\/\/archive.sana.sy\/tr\/index.php?rest_route=\/wp\/v2\/users\/41"}],"replies":[{"embeddable":true,"href":"https:\/\/archive.sana.sy\/tr\/index.php?rest_route=%2Fwp%2Fv2%2Fcomments&post=317418"}],"version-history":[{"count":1,"href":"https:\/\/archive.sana.sy\/tr\/index.php?rest_route=\/wp\/v2\/posts\/317418\/revisions"}],"predecessor-version":[{"id":317420,"href":"https:\/\/archive.sana.sy\/tr\/index.php?rest_route=\/wp\/v2\/posts\/317418\/revisions\/317420"}],"wp:featuredmedia":[{"embeddable":true,"href":"https:\/\/archive.sana.sy\/tr\/index.php?rest_route=\/wp\/v2\/media\/317419"}],"wp:attachment":[{"href":"https:\/\/archive.sana.sy\/tr\/index.php?rest_route=%2Fwp%2Fv2%2Fmedia&parent=317418"}],"wp:term":[{"taxonomy":"category","embeddable":true,"href":"https:\/\/archive.sana.sy\/tr\/index.php?rest_route=%2Fwp%2Fv2%2Fcategories&post=317418"},{"taxonomy":"post_tag","embeddable":true,"href":"https:\/\/archive.sana.sy\/tr\/index.php?rest_route=%2Fwp%2Fv2%2Ftags&post=317418"}],"curies":[{"name":"wp","href":"https:\/\/api.w.org\/{rel}","templated":true}]}}