{"id":317424,"date":"2025-03-20T13:25:59","date_gmt":"2025-03-20T10:25:59","guid":{"rendered":"https:\/\/sana.sy\/tr\/?p=317424"},"modified":"2025-03-20T17:47:10","modified_gmt":"2025-03-20T14:47:10","slug":"almanya-13-yil-sonra-suriyedeki-buyukelciligini-yeniden-aciyor","status":"publish","type":"post","link":"https:\/\/archive.sana.sy\/tr\/?p=317424","title":{"rendered":"Almanya, 13 Y\u0131l Sonra Suriye&#8217;deki B\u00fcy\u00fckel\u00e7ili\u011fini Yeniden A\u00e7\u0131yor"},"content":{"rendered":"<p style=\"text-align: justify;\"><strong><span style=\"color: #800000;\">BERL\u0130N (SANA)<\/span> &#8211;<\/strong> \u00a0Almanya&#8217;n\u0131n Suriye B\u00fcy\u00fckel\u00e7isi Stefan Schnecke, bug\u00fcn \u015eam&#8217;daki Alman b\u00fcy\u00fckel\u00e7ili\u011finin 13 y\u0131l aradan sonra a\u00e7\u0131ld\u0131\u011f\u0131n\u0131 duyurdu.<\/p>\n<p style=\"text-align: justify;\">Shennick, X platformundaki sayfas\u0131nda yapt\u0131\u011f\u0131 payla\u015f\u0131mda, Almanya D\u0131\u015fi\u015fleri Bakan\u0131 Annalena Baerbock&#8217;un bug\u00fcn Suriye&#8217;deki Alman b\u00fcy\u00fckel\u00e7ili\u011fini resmen yeniden a\u00e7t\u0131\u011f\u0131n\u0131 belirterek,\u00a0 \u201cDaha iyi bir Suriye i\u00e7in t\u00fcm Suriyelilerle yak\u0131n bir \u015fekilde \u00e7al\u0131\u015fmaktan mutluluk duyuyoruz\u201d dedi.<\/p>\n<p style=\"text-align: justify;\">B\u00fcy\u00fckel\u00e7ilik ekibinin hen\u00fcz k\u00fc\u00e7\u00fck oldu\u011funu, vize ve konsolosluk i\u015flerinin bundan sonraki d\u00f6nemde Beyrut&#8217;tan y\u00fcr\u00fct\u00fclmeye devam edilece\u011fini belirtti.<\/p>\n","protected":false},"excerpt":{"rendered":"<p>BERL\u0130N (SANA) &#8211; \u00a0Almanya&#8217;n\u0131n Suriye B\u00fcy\u00fckel\u00e7isi Stefan Schnecke, bug\u00fcn \u015eam&#8217;daki Alman b\u00fcy\u00fckel\u00e7ili\u011finin 13 y\u0131l aradan sonra a\u00e7\u0131ld\u0131\u011f\u0131n\u0131 duyurdu. Shennick, X platformundaki sayfas\u0131nda yapt\u0131\u011f\u0131 payla\u015f\u0131mda, Almanya D\u0131\u015fi\u015fleri Bakan\u0131 Annalena Baerbock&#8217;un bug\u00fcn Suriye&#8217;deki Alman b\u00fcy\u00fckel\u00e7ili\u011fini resmen yeniden a\u00e7t\u0131\u011f\u0131n\u0131 belirterek,\u00a0 \u201cDaha iyi bir Suriye i\u00e7in t\u00fcm Suriyelilerle yak\u0131n bir \u015fekilde \u00e7al\u0131\u015fmaktan mutluluk duyuyoruz\u201d dedi. B\u00fcy\u00fckel\u00e7ilik ekibinin hen\u00fcz k\u00fc\u00e7\u00fck &hellip;<\/p>\n","protected":false},"author":39,"featured_media":317443,"comment_status":"closed","ping_status":"closed","sticky":false,"template":"","format":"standard","meta":{"footnotes":""},"categories":[458,589,459,17988],"tags":[43579,31795],"class_list":["post-317424","post","type-post","status-publish","format-standard","has-post-thumbnail","","category-dunya1","category-haber-seridi","category-haberler-arap-uluslararasi-politika","category-son-haberler","tag-13-yil-sonra-suriyedeki-buyukelciligini-yeniden-aciyor","tag-almanya"],"_links":{"self":[{"href":"https:\/\/archive.sana.sy\/tr\/index.php?rest_route=\/wp\/v2\/posts\/317424","targetHints":{"allow":["GET"]}}],"collection":[{"href":"https:\/\/archive.sana.sy\/tr\/index.php?rest_route=\/wp\/v2\/posts"}],"about":[{"href":"https:\/\/archive.sana.sy\/tr\/index.php?rest_route=\/wp\/v2\/types\/post"}],"author":[{"embeddable":true,"href":"https:\/\/archive.sana.sy\/tr\/index.php?rest_route=\/wp\/v2\/users\/39"}],"replies":[{"embeddable":true,"href":"https:\/\/archive.sana.sy\/tr\/index.php?rest_route=%2Fwp%2Fv2%2Fcomments&post=317424"}],"version-history":[{"count":1,"href":"https:\/\/archive.sana.sy\/tr\/index.php?rest_route=\/wp\/v2\/posts\/317424\/revisions"}],"predecessor-version":[{"id":317426,"href":"https:\/\/archive.sana.sy\/tr\/index.php?rest_route=\/wp\/v2\/posts\/317424\/revisions\/317426"}],"wp:featuredmedia":[{"embeddable":true,"href":"https:\/\/archive.sana.sy\/tr\/index.php?rest_route=\/wp\/v2\/media\/317443"}],"wp:attachment":[{"href":"https:\/\/archive.sana.sy\/tr\/index.php?rest_route=%2Fwp%2Fv2%2Fmedia&parent=317424"}],"wp:term":[{"taxonomy":"category","embeddable":true,"href":"https:\/\/archive.sana.sy\/tr\/index.php?rest_route=%2Fwp%2Fv2%2Fcategories&post=317424"},{"taxonomy":"post_tag","embeddable":true,"href":"https:\/\/archive.sana.sy\/tr\/index.php?rest_route=%2Fwp%2Fv2%2Ftags&post=317424"}],"curies":[{"name":"wp","href":"https:\/\/api.w.org\/{rel}","templated":true}]}}