{"id":31748,"date":"2015-05-03T11:10:35","date_gmt":"2015-05-03T08:10:35","guid":{"rendered":"http:\/\/www.sana.sy\/tr\/?p=31748"},"modified":"2015-05-03T13:17:49","modified_gmt":"2015-05-03T10:17:49","slug":"derali-zanaatkarlar-sanayiciler-ve-tuccarlar-israrla-faaliyetlerini-surduruyorlar","status":"publish","type":"post","link":"https:\/\/archive.sana.sy\/tr\/?p=31748","title":{"rendered":"Deral\u0131 Zanaatkarlar Sanayiciler ve T\u00fcccarlar Israrla Faaliyetlerini S\u00fcrd\u00fcr\u00fcyorlar"},"content":{"rendered":"<p>DERA \u2013 Deral\u0131 zanaatkarlar, sanayiciler, t\u00fcccarlar ve i\u015fletmeleri 4 y\u0131l\u0131 a\u015fk\u0131n bir s\u00fcredir Uluslararas\u0131 destekli ter\u00f6r sald\u0131r\u0131lar\u0131n\u0131n hedefi olmalar\u0131na ra\u011fmen \u00fcretim ve ticaret faaliyetlerini \u0131srarla ve azimle s\u00fcrd\u00fcr\u00fcyor.<\/p>\n<p>Her y\u0131k\u0131mdan sonra i\u015fletmelerini yeniden in\u015fa eden ve faaliyetlerini mutlaka s\u00fcrd\u00fcrme kararl\u0131\u011f\u0131 g\u00f6steren zanaatk\u00e2rlar, sanayiciler ve t\u00fcccarlar ter\u00f6re kar\u015f\u0131 direni\u015fin bamba\u015fka bir sembol\u00fc haline geldiler.<\/p>\n<p>Deral\u0131 zanaatkarlar, sanayiciler ve t\u00fcccarlar kahraman ordu birliklerimize duyduklar\u0131 g\u00fcvenle kentteki i\u015fletme ve ticaret merkezlerini yeniden faaliyete ge\u00e7irme \u00e7abas\u0131na girerek vatana ve hayata s\u0131ms\u0131k\u0131 tutunduklar\u0131n\u0131 yeniden ilan ettiler.<\/p>\n<p>Fayiz el Mesalime, Deral\u0131 zanaatkarlardan biri, SANA muhabirine yapt\u0131\u011f\u0131 a\u00e7\u0131klamada ter\u00f6ristlerin sanayi b\u00f6lgesine s\u00fcrekli tekrar eden sald\u0131r\u0131lar d\u00fczenlediklerini dile getirerek hayatta oldu\u011fu s\u00fcrece at\u00f6lyesini a\u00e7maya ve i\u015fini yapmaya devam edece\u011fini hi\u00e7bir tehdit ya da sald\u0131r\u0131n\u0131n bunun \u00f6n\u00fcne ge\u00e7emeyece\u011fini vurgulad\u0131.<\/p>\n<p>Zanaatkarlar Birli\u011finden bir grubun, ter\u00f6r sald\u0131r\u0131lar\u0131 sonucu tahrip olan ve kapanmak zorunda kalan i\u015fyerlerini yeniden a\u00e7mak ve \u00fcretim faaliyetlerine yeniden ba\u015flamak i\u00e7in \u00e7al\u0131\u015fmalara ba\u015flad\u0131\u011f\u0131n\u0131 ifade eden Mesalime, d\u00fckkanlar\u0131n yeniden faaliyete ge\u00e7mesinin bir\u00e7ok ki\u015fiye gelir kayna\u011f\u0131 sa\u011flayaca\u011f\u0131na dikkat \u00e7ekti.<\/p>\n<p>Dera Sanayi B\u00f6lgesi M\u00fcd\u00fcr\u00fc Abd\u00fclvahit el Avd, sanayi m\u00fcd\u00fcrl\u00fc\u011f\u00fcn\u00fcn zanaat ve sanayi i\u015fletmelerinin yeniden faaliyete girmesi ve ihtiya\u00e7lar\u0131n\u0131n kar\u015f\u0131lanmas\u0131 i\u00e7in \u00e7al\u0131\u015fmalar\u0131n\u0131 s\u00fcrd\u00fcrd\u00fc\u011f\u00fcn\u00fc dile getirerek ge\u00e7ti\u011fimiz g\u00fcnlerde sanayi ve zanaat i\u015fletmelerine 200 litre yak\u0131t da\u011f\u0131t\u0131ld\u0131\u011f\u0131n\u0131 belirtti.<\/p>\n<p>F.B &#8211; S.\u015e<\/p>\n","protected":false},"excerpt":{"rendered":"<p>DERA \u2013 Deral\u0131 zanaatkarlar, sanayiciler, t\u00fcccarlar ve i\u015fletmeleri 4 y\u0131l\u0131 a\u015fk\u0131n bir s\u00fcredir Uluslararas\u0131 destekli ter\u00f6r sald\u0131r\u0131lar\u0131n\u0131n hedefi olmalar\u0131na ra\u011fmen \u00fcretim ve ticaret faaliyetlerini \u0131srarla ve azimle s\u00fcrd\u00fcr\u00fcyor. Her y\u0131k\u0131mdan sonra i\u015fletmelerini yeniden in\u015fa eden ve faaliyetlerini mutlaka s\u00fcrd\u00fcrme kararl\u0131\u011f\u0131 g\u00f6steren zanaatk\u00e2rlar, sanayiciler ve t\u00fcccarlar ter\u00f6re kar\u015f\u0131 direni\u015fin bamba\u015fka bir sembol\u00fc haline geldiler. Deral\u0131 zanaatkarlar, &hellip;<\/p>\n","protected":false},"author":1,"featured_media":31842,"comment_status":"closed","ping_status":"closed","sticky":false,"template":"","format":"standard","meta":{"footnotes":""},"categories":[485,486,479,478],"tags":[],"class_list":["post-31748","post","type-post","status-publish","format-standard","has-post-thumbnail","","category-is-ve-sermaye","category-haberler-is-ve-sermaye","category-haberler-yerel","category-yerel"],"_links":{"self":[{"href":"https:\/\/archive.sana.sy\/tr\/index.php?rest_route=\/wp\/v2\/posts\/31748","targetHints":{"allow":["GET"]}}],"collection":[{"href":"https:\/\/archive.sana.sy\/tr\/index.php?rest_route=\/wp\/v2\/posts"}],"about":[{"href":"https:\/\/archive.sana.sy\/tr\/index.php?rest_route=\/wp\/v2\/types\/post"}],"author":[{"embeddable":true,"href":"https:\/\/archive.sana.sy\/tr\/index.php?rest_route=\/wp\/v2\/users\/1"}],"replies":[{"embeddable":true,"href":"https:\/\/archive.sana.sy\/tr\/index.php?rest_route=%2Fwp%2Fv2%2Fcomments&post=31748"}],"version-history":[{"count":0,"href":"https:\/\/archive.sana.sy\/tr\/index.php?rest_route=\/wp\/v2\/posts\/31748\/revisions"}],"wp:featuredmedia":[{"embeddable":true,"href":"https:\/\/archive.sana.sy\/tr\/index.php?rest_route=\/wp\/v2\/media\/31842"}],"wp:attachment":[{"href":"https:\/\/archive.sana.sy\/tr\/index.php?rest_route=%2Fwp%2Fv2%2Fmedia&parent=31748"}],"wp:term":[{"taxonomy":"category","embeddable":true,"href":"https:\/\/archive.sana.sy\/tr\/index.php?rest_route=%2Fwp%2Fv2%2Fcategories&post=31748"},{"taxonomy":"post_tag","embeddable":true,"href":"https:\/\/archive.sana.sy\/tr\/index.php?rest_route=%2Fwp%2Fv2%2Ftags&post=31748"}],"curies":[{"name":"wp","href":"https:\/\/api.w.org\/{rel}","templated":true}]}}