{"id":31751,"date":"2015-05-03T11:16:59","date_gmt":"2015-05-03T08:16:59","guid":{"rendered":"http:\/\/www.sana.sy\/tr\/?p=31751"},"modified":"2015-05-03T11:16:59","modified_gmt":"2015-05-03T08:16:59","slug":"hasekede-147-binden-fazla-cocuga-kizamik-asisi-uygulandi","status":"publish","type":"post","link":"https:\/\/archive.sana.sy\/tr\/?p=31751","title":{"rendered":"Haseke\u2019de 147 Binden Fazla \u00c7ocu\u011fa K\u0131zam\u0131k A\u015f\u0131s\u0131 Uyguland\u0131"},"content":{"rendered":"<p>HASEKE \u2013 Ulusal A\u015f\u0131 Kampanyas\u0131 \u00e7er\u00e7evesinde Haseke\u2019de 7 ayl\u0131k ile 5 ya\u015f aras\u0131 \u00e7ocuklara k\u0131zam\u0131k a\u015f\u0131s\u0131 uygulama \u00e7al\u0131\u015fmalar\u0131 devam ediyor.<\/p>\n<p>Haseke Sa\u011fl\u0131k M\u00fcd\u00fcr\u00fc Muhammed Re\u015fat Halef, SANA muhabirine yapt\u0131\u011f\u0131 a\u00e7\u0131klamada \u015fu ana kadar k\u0131zam\u0131k a\u015f\u0131s\u0131 uygulanan \u00e7ocuk say\u0131s\u0131n\u0131n 147 bini a\u015ft\u0131\u011f\u0131na i\u015faret ederek a\u015f\u0131 kampanyas\u0131n\u0131n 60 sa\u011fl\u0131k merkezinde uyguland\u0131\u011f\u0131n\u0131 belirtti.<\/p>\n<p>Hat\u0131rlanaca\u011f\u0131 \u00fczere Sa\u011fl\u0131k Bakanl\u0131\u011f\u0131 k\u0131zam\u0131k a\u015f\u0131s\u0131 kampanyas\u0131n\u0131n 19 Nisan \u2013 30 Nisan tarihleri aras\u0131nda D\u00fcnya Sa\u011fl\u0131k \u00d6rg\u00fct\u00fc ve UNICEF ile i\u015fbirli\u011fi i\u00e7erisinde uygulanaca\u011f\u0131n\u0131 ilan etmi\u015fti.<\/p>\n<p>F.B &#8211; S.\u015e<\/p>\n","protected":false},"excerpt":{"rendered":"<p>HASEKE \u2013 Ulusal A\u015f\u0131 Kampanyas\u0131 \u00e7er\u00e7evesinde Haseke\u2019de 7 ayl\u0131k ile 5 ya\u015f aras\u0131 \u00e7ocuklara k\u0131zam\u0131k a\u015f\u0131s\u0131 uygulama \u00e7al\u0131\u015fmalar\u0131 devam ediyor. Haseke Sa\u011fl\u0131k M\u00fcd\u00fcr\u00fc Muhammed Re\u015fat Halef, SANA muhabirine yapt\u0131\u011f\u0131 a\u00e7\u0131klamada \u015fu ana kadar k\u0131zam\u0131k a\u015f\u0131s\u0131 uygulanan \u00e7ocuk say\u0131s\u0131n\u0131n 147 bini a\u015ft\u0131\u011f\u0131na i\u015faret ederek a\u015f\u0131 kampanyas\u0131n\u0131n 60 sa\u011fl\u0131k merkezinde uyguland\u0131\u011f\u0131n\u0131 belirtti. Hat\u0131rlanaca\u011f\u0131 \u00fczere Sa\u011fl\u0131k Bakanl\u0131\u011f\u0131 k\u0131zam\u0131k &hellip;<\/p>\n","protected":false},"author":1,"featured_media":31752,"comment_status":"closed","ping_status":"closed","sticky":false,"template":"","format":"standard","meta":{"footnotes":""},"categories":[479,478],"tags":[14238],"class_list":["post-31751","post","type-post","status-publish","format-standard","has-post-thumbnail","","category-haberler-yerel","category-yerel","tag-hasekede-147-binden-fazla-cocuga-kizamik-asisi-uygulandi"],"_links":{"self":[{"href":"https:\/\/archive.sana.sy\/tr\/index.php?rest_route=\/wp\/v2\/posts\/31751","targetHints":{"allow":["GET"]}}],"collection":[{"href":"https:\/\/archive.sana.sy\/tr\/index.php?rest_route=\/wp\/v2\/posts"}],"about":[{"href":"https:\/\/archive.sana.sy\/tr\/index.php?rest_route=\/wp\/v2\/types\/post"}],"author":[{"embeddable":true,"href":"https:\/\/archive.sana.sy\/tr\/index.php?rest_route=\/wp\/v2\/users\/1"}],"replies":[{"embeddable":true,"href":"https:\/\/archive.sana.sy\/tr\/index.php?rest_route=%2Fwp%2Fv2%2Fcomments&post=31751"}],"version-history":[{"count":0,"href":"https:\/\/archive.sana.sy\/tr\/index.php?rest_route=\/wp\/v2\/posts\/31751\/revisions"}],"wp:featuredmedia":[{"embeddable":true,"href":"https:\/\/archive.sana.sy\/tr\/index.php?rest_route=\/wp\/v2\/media\/31752"}],"wp:attachment":[{"href":"https:\/\/archive.sana.sy\/tr\/index.php?rest_route=%2Fwp%2Fv2%2Fmedia&parent=31751"}],"wp:term":[{"taxonomy":"category","embeddable":true,"href":"https:\/\/archive.sana.sy\/tr\/index.php?rest_route=%2Fwp%2Fv2%2Fcategories&post=31751"},{"taxonomy":"post_tag","embeddable":true,"href":"https:\/\/archive.sana.sy\/tr\/index.php?rest_route=%2Fwp%2Fv2%2Ftags&post=31751"}],"curies":[{"name":"wp","href":"https:\/\/api.w.org\/{rel}","templated":true}]}}