{"id":31754,"date":"2015-05-03T11:21:35","date_gmt":"2015-05-03T08:21:35","guid":{"rendered":"http:\/\/www.sana.sy\/tr\/?p=31754"},"modified":"2015-05-03T11:21:50","modified_gmt":"2015-05-03T08:21:50","slug":"askeri-kaynak-ordu-birliklerimizin-sam-kirsali-dogu-gutayi-cevreleyen-ciftlikler-ile-meydaa-beldesini-hakimiyetleri-altina-aldiklarini-cok-sayida-teroristi-olu-ve-yarali-dusurdukl","status":"publish","type":"post","link":"https:\/\/archive.sana.sy\/tr\/?p=31754","title":{"rendered":"Askeri kaynak, ordu birliklerimizin  \u015eam K\u0131rsal\u0131 Do\u011fu Guta\u2019y\u0131 \u00e7evreleyen \u00e7iftlikler ile Meyda\u2019a beldesini hakimiyetleri alt\u0131na ald\u0131klar\u0131n\u0131, \u00e7ok say\u0131da ter\u00f6risti \u00f6l\u00fc ve yaral\u0131 d\u00fc\u015f\u00fcrd\u00fcklerini, b\u00f6lgedeki art\u0131klar\u0131n\u0131 kovalamay\u0131 s\u00fcrd\u00fcrd\u00fcklerini, \u015eam K\u0131rsal\u0131 Duma\u2019dan Dumayr y\u00f6n\u00fcndeki son ge\u00e7itlerini de kapad\u0131klar\u0131n\u0131 s\u00f6yledi."},"content":{"rendered":"<p>Askeri kaynak, ordu birliklerimizin\u00a0 \u015eam K\u0131rsal\u0131 Do\u011fu Guta\u2019y\u0131 \u00e7evreleyen \u00e7iftlikler ile Meyda\u2019a beldesini hakimiyetleri alt\u0131na ald\u0131klar\u0131n\u0131, \u00e7ok say\u0131da ter\u00f6risti \u00f6l\u00fc ve yaral\u0131 d\u00fc\u015f\u00fcrd\u00fcklerini, b\u00f6lgedeki art\u0131klar\u0131n\u0131 kovalamay\u0131 s\u00fcrd\u00fcrd\u00fcklerini, \u015eam K\u0131rsal\u0131 Duma\u2019dan Dumayr y\u00f6n\u00fcndeki son ge\u00e7itlerini de kapad\u0131klar\u0131n\u0131 s\u00f6yledi.<\/p>\n","protected":false},"excerpt":{"rendered":"<p>Askeri kaynak, ordu birliklerimizin\u00a0 \u015eam K\u0131rsal\u0131 Do\u011fu Guta\u2019y\u0131 \u00e7evreleyen \u00e7iftlikler ile Meyda\u2019a beldesini hakimiyetleri alt\u0131na ald\u0131klar\u0131n\u0131, \u00e7ok say\u0131da ter\u00f6risti \u00f6l\u00fc ve yaral\u0131 d\u00fc\u015f\u00fcrd\u00fcklerini, b\u00f6lgedeki art\u0131klar\u0131n\u0131 kovalamay\u0131 s\u00fcrd\u00fcrd\u00fcklerini, \u015eam K\u0131rsal\u0131 Duma\u2019dan Dumayr y\u00f6n\u00fcndeki son ge\u00e7itlerini de kapad\u0131klar\u0131n\u0131 s\u00f6yledi.<\/p>\n","protected":false},"author":1,"featured_media":0,"comment_status":"closed","ping_status":"closed","sticky":false,"template":"","format":"standard","meta":{"footnotes":""},"categories":[1],"tags":[1031,14240,14222,14239,14241],"class_list":["post-31754","post","type-post","status-publish","format-standard","","category-news-not-sorted","tag-askeri-kaynak","tag-bolgedeki-artiklarini-kovalamayi-surdurduklerini","tag-cok-sayida-teroristi-olu-ve-yarali-dusurduklerini","tag-ordu-birliklerimizin-sam-kirsali-dogu-gutayi-cevreleyen-ciftlikler-ile-meydaa-beldesini-hakimiyetleri-altina-aldiklarini","tag-sam-kirsali-dumadan-dumayr-yonundeki-son-gecitlerini-de-kapadiklarini-soyledi"],"_links":{"self":[{"href":"https:\/\/archive.sana.sy\/tr\/index.php?rest_route=\/wp\/v2\/posts\/31754","targetHints":{"allow":["GET"]}}],"collection":[{"href":"https:\/\/archive.sana.sy\/tr\/index.php?rest_route=\/wp\/v2\/posts"}],"about":[{"href":"https:\/\/archive.sana.sy\/tr\/index.php?rest_route=\/wp\/v2\/types\/post"}],"author":[{"embeddable":true,"href":"https:\/\/archive.sana.sy\/tr\/index.php?rest_route=\/wp\/v2\/users\/1"}],"replies":[{"embeddable":true,"href":"https:\/\/archive.sana.sy\/tr\/index.php?rest_route=%2Fwp%2Fv2%2Fcomments&post=31754"}],"version-history":[{"count":0,"href":"https:\/\/archive.sana.sy\/tr\/index.php?rest_route=\/wp\/v2\/posts\/31754\/revisions"}],"wp:attachment":[{"href":"https:\/\/archive.sana.sy\/tr\/index.php?rest_route=%2Fwp%2Fv2%2Fmedia&parent=31754"}],"wp:term":[{"taxonomy":"category","embeddable":true,"href":"https:\/\/archive.sana.sy\/tr\/index.php?rest_route=%2Fwp%2Fv2%2Fcategories&post=31754"},{"taxonomy":"post_tag","embeddable":true,"href":"https:\/\/archive.sana.sy\/tr\/index.php?rest_route=%2Fwp%2Fv2%2Ftags&post=31754"}],"curies":[{"name":"wp","href":"https:\/\/api.w.org\/{rel}","templated":true}]}}