{"id":317625,"date":"2025-03-25T16:20:21","date_gmt":"2025-03-25T13:20:21","guid":{"rendered":"https:\/\/sana.sy\/tr\/?p=317625"},"modified":"2025-03-25T16:20:21","modified_gmt":"2025-03-25T13:20:21","slug":"saglik-bakanligi-birlesmis-milletler-nufus-fonundan-dort-ambulans-teslim-aldi","status":"publish","type":"post","link":"https:\/\/archive.sana.sy\/tr\/?p=317625","title":{"rendered":"Sa\u011fl\u0131k Bakanl\u0131\u011f\u0131, Birle\u015fmi\u015f Milletler N\u00fcfus Fonu&#8217;ndan D\u00f6rt Ambulans Teslim Ald\u0131"},"content":{"rendered":"<p style=\"text-align: justify;\"><strong><span style=\"color: #800000;\">\u015eAM (SANA)<\/span> &#8211;<\/strong> \u00a0Sa\u011fl\u0131k Bakanl\u0131\u011f\u0131, bug\u00fcn Birle\u015fmi\u015f Milletler N\u00fcfus Fonu ve Avrupa Komisyonu&#8217;nun \u0130nsani Yard\u0131m ve Sivil Koruma Dairesi&#8217;nin (ECHO) finansman\u0131yla sa\u011flanan d\u00f6rt ambulans\u0131 teslim ald\u0131.<\/p>\n<p style=\"text-align: justify;\">Sa\u011fl\u0131k Bakanl\u0131\u011f\u0131 binas\u0131nda d\u00fczenlenen toplant\u0131da konu\u015fan Sa\u011fl\u0131k Bakan\u0131 Vekili Dr. Mahir El \u015eara, sa\u011fl\u0131k sekt\u00f6r\u00fcndeki ko\u015fullar\u0131n en k\u0131sa s\u00fcrede iyile\u015ftirilmesi i\u00e7in \u00e7al\u0131\u015fmalar yap\u0131ld\u0131\u011f\u0131n\u0131, \u00f6n\u00fcm\u00fczdeki d\u00f6rt y\u0131l i\u00e7in planlar ve b\u00fct\u00fcnle\u015fik bir sa\u011fl\u0131k program\u0131 geli\u015ftirildi\u011fini s\u00f6yledi.<\/p>\n<p style=\"text-align: justify;\">Dr. El \u015eara ayr\u0131ca, Bakanl\u0131\u011f\u0131n \u00f6zellikle pratik ve e\u011fitimsel konularda ve kadrolar\u0131n yeterliliklerinin art\u0131r\u0131lmas\u0131 konusunda Fon ile birlikte \u00e7al\u0131\u015fma ve ortakl\u0131k kurmay\u0131 sab\u0131rs\u0131zl\u0131kla bekledi\u011fini belirtti.<\/p>\n<p style=\"text-align: justify;\">BM Mukim ve \u0130nsani Yard\u0131m Koordinat\u00f6r\u00fc Adam Abdelmoula ise Suriye&#8217;de sa\u011fl\u0131k sekt\u00f6r\u00fcne verilen deste\u011fin ve \u00e7e\u015fitli sekt\u00f6rlerde erken toparlanmaya y\u00f6nelik kalk\u0131nma \u00e7al\u0131\u015fmalar\u0131n\u0131n \u00f6nemini vurgulad\u0131.<\/p>\n<p style=\"text-align: justify;\">Kendi y\u00f6n\u00fcnden Avrupa Komisyonu \u0130nsani Yard\u0131m ve Sivil Koruma Dairesi (ECHO) Direkt\u00f6r\u00fc Luigi Pandolfi bu hibe deste\u011finin Avrupa Birli\u011fi ile Birle\u015fmi\u015f Milletler Fonu aras\u0131ndaki ortakl\u0131\u011f\u0131n kan\u0131t\u0131 oldu\u011funu belirterek, Birli\u011fin, Suriye&#8217;nin kuzeyine \u00e7ok say\u0131da yard\u0131m ula\u015ft\u0131rd\u0131\u011f\u0131n\u0131, insani m\u00fcdahaleyi art\u0131rmak i\u00e7in \u00e7al\u0131\u015fmalar\u0131n s\u00fcrd\u00fc\u011f\u00fcn\u00fc kaydetti.<\/p>\n<div id='gallery-1' class='gallery galleryid-317625 gallery-columns-3 gallery-size-thumbnail'><figure class='gallery-item'>\n\t\t\t<div class='gallery-icon landscape'>\n\t\t\t\t<a href='https:\/\/archive.sana.sy\/tr\/?attachment_id=317627'><img loading=\"lazy\" decoding=\"async\" width=\"150\" height=\"150\" src=\"https:\/\/archive.sana.sy\/tr\/wp-content\/uploads\/2025\/03\/photo_2025-03-25_16-02-13-2-150x150.jpg\" class=\"attachment-thumbnail size-thumbnail\" alt=\"\" \/><\/a>\n\t\t\t<\/div><\/figure><figure class='gallery-item'>\n\t\t\t<div class='gallery-icon landscape'>\n\t\t\t\t<a href='https:\/\/archive.sana.sy\/tr\/?attachment_id=317628'><img loading=\"lazy\" decoding=\"async\" width=\"150\" height=\"150\" src=\"https:\/\/archive.sana.sy\/tr\/wp-content\/uploads\/2025\/03\/photo_2025-03-25_16-02-11-150x150.jpg\" class=\"attachment-thumbnail size-thumbnail\" alt=\"\" \/><\/a>\n\t\t\t<\/div><\/figure><figure class='gallery-item'>\n\t\t\t<div class='gallery-icon landscape'>\n\t\t\t\t<a href='https:\/\/archive.sana.sy\/tr\/?attachment_id=317629'><img loading=\"lazy\" decoding=\"async\" width=\"150\" height=\"150\" src=\"https:\/\/archive.sana.sy\/tr\/wp-content\/uploads\/2025\/03\/photo_2025-03-25_16-02-12-4-150x150.jpg\" class=\"attachment-thumbnail size-thumbnail\" alt=\"\" \/><\/a>\n\t\t\t<\/div><\/figure><figure class='gallery-item'>\n\t\t\t<div class='gallery-icon landscape'>\n\t\t\t\t<a href='https:\/\/archive.sana.sy\/tr\/?attachment_id=317630'><img loading=\"lazy\" decoding=\"async\" width=\"150\" height=\"150\" src=\"https:\/\/archive.sana.sy\/tr\/wp-content\/uploads\/2025\/03\/1-27-150x150.jpg\" class=\"attachment-thumbnail size-thumbnail\" alt=\"\" \/><\/a>\n\t\t\t<\/div><\/figure><figure class='gallery-item'>\n\t\t\t<div class='gallery-icon landscape'>\n\t\t\t\t<a href='https:\/\/archive.sana.sy\/tr\/?attachment_id=317631'><img loading=\"lazy\" decoding=\"async\" width=\"150\" height=\"150\" src=\"https:\/\/archive.sana.sy\/tr\/wp-content\/uploads\/2025\/03\/photo_2025-03-25_16-02-12-150x150.jpg\" class=\"attachment-thumbnail size-thumbnail\" alt=\"\" \/><\/a>\n\t\t\t<\/div><\/figure><figure class='gallery-item'>\n\t\t\t<div class='gallery-icon landscape'>\n\t\t\t\t<a href='https:\/\/archive.sana.sy\/tr\/?attachment_id=317632'><img loading=\"lazy\" decoding=\"async\" width=\"150\" height=\"150\" src=\"https:\/\/archive.sana.sy\/tr\/wp-content\/uploads\/2025\/03\/photo_2025-03-25_16-02-12-6-150x150.jpg\" class=\"attachment-thumbnail size-thumbnail\" alt=\"\" \/><\/a>\n\t\t\t<\/div><\/figure>\n\t\t<\/div>\n\n<p>&nbsp;<\/p>\n","protected":false},"excerpt":{"rendered":"<p>\u015eAM (SANA) &#8211; \u00a0Sa\u011fl\u0131k Bakanl\u0131\u011f\u0131, bug\u00fcn Birle\u015fmi\u015f Milletler N\u00fcfus Fonu ve Avrupa Komisyonu&#8217;nun \u0130nsani Yard\u0131m ve Sivil Koruma Dairesi&#8217;nin (ECHO) finansman\u0131yla sa\u011flanan d\u00f6rt ambulans\u0131 teslim ald\u0131. Sa\u011fl\u0131k Bakanl\u0131\u011f\u0131 binas\u0131nda d\u00fczenlenen toplant\u0131da konu\u015fan Sa\u011fl\u0131k Bakan\u0131 Vekili Dr. Mahir El \u015eara, sa\u011fl\u0131k sekt\u00f6r\u00fcndeki ko\u015fullar\u0131n en k\u0131sa s\u00fcrede iyile\u015ftirilmesi i\u00e7in \u00e7al\u0131\u015fmalar yap\u0131ld\u0131\u011f\u0131n\u0131, \u00f6n\u00fcm\u00fczdeki d\u00f6rt y\u0131l i\u00e7in planlar ve &hellip;<\/p>\n","protected":false},"author":41,"featured_media":317626,"comment_status":"closed","ping_status":"closed","sticky":false,"template":"","format":"standard","meta":{"footnotes":""},"categories":[589,479,17988,478],"tags":[43603,13777],"class_list":["post-317625","post","type-post","status-publish","format-standard","has-post-thumbnail","","category-haber-seridi","category-haberler-yerel","category-son-haberler","category-yerel","tag-birlesmis-milletler-nufus-fonundan-dort-ambulans-teslim-aldi","tag-saglik-bakanligi"],"_links":{"self":[{"href":"https:\/\/archive.sana.sy\/tr\/index.php?rest_route=\/wp\/v2\/posts\/317625","targetHints":{"allow":["GET"]}}],"collection":[{"href":"https:\/\/archive.sana.sy\/tr\/index.php?rest_route=\/wp\/v2\/posts"}],"about":[{"href":"https:\/\/archive.sana.sy\/tr\/index.php?rest_route=\/wp\/v2\/types\/post"}],"author":[{"embeddable":true,"href":"https:\/\/archive.sana.sy\/tr\/index.php?rest_route=\/wp\/v2\/users\/41"}],"replies":[{"embeddable":true,"href":"https:\/\/archive.sana.sy\/tr\/index.php?rest_route=%2Fwp%2Fv2%2Fcomments&post=317625"}],"version-history":[{"count":1,"href":"https:\/\/archive.sana.sy\/tr\/index.php?rest_route=\/wp\/v2\/posts\/317625\/revisions"}],"predecessor-version":[{"id":317633,"href":"https:\/\/archive.sana.sy\/tr\/index.php?rest_route=\/wp\/v2\/posts\/317625\/revisions\/317633"}],"wp:featuredmedia":[{"embeddable":true,"href":"https:\/\/archive.sana.sy\/tr\/index.php?rest_route=\/wp\/v2\/media\/317626"}],"wp:attachment":[{"href":"https:\/\/archive.sana.sy\/tr\/index.php?rest_route=%2Fwp%2Fv2%2Fmedia&parent=317625"}],"wp:term":[{"taxonomy":"category","embeddable":true,"href":"https:\/\/archive.sana.sy\/tr\/index.php?rest_route=%2Fwp%2Fv2%2Fcategories&post=317625"},{"taxonomy":"post_tag","embeddable":true,"href":"https:\/\/archive.sana.sy\/tr\/index.php?rest_route=%2Fwp%2Fv2%2Ftags&post=317625"}],"curies":[{"name":"wp","href":"https:\/\/api.w.org\/{rel}","templated":true}]}}