{"id":317640,"date":"2025-03-25T17:46:50","date_gmt":"2025-03-25T14:46:50","guid":{"rendered":"https:\/\/sana.sy\/tr\/?p=317640"},"modified":"2025-03-27T09:47:36","modified_gmt":"2025-03-27T06:47:36","slug":"disisleri-bakanligi-israilin-suriye-topraklarina-yonelik-devam-eden-saldirganliklarini-kinadi","status":"publish","type":"post","link":"https:\/\/archive.sana.sy\/tr\/?p=317640","title":{"rendered":"D\u0131\u015fi\u015fleri Bakanl\u0131\u011f\u0131, \u0130srail&#8217;in Suriye Topraklar\u0131na Y\u00f6nelik Devam Eden Sald\u0131rganl\u0131klar\u0131n\u0131 K\u0131nad\u0131"},"content":{"rendered":"<p style=\"text-align: justify;\"><strong><span style=\"color: #800000;\">\u015eAM (SANA)<\/span> &#8211;<\/strong> \u00a0D\u0131\u015fi\u015fleri ve Gurbet\u00e7iler Bakanl\u0131\u011f\u0131, Suriye topraklar\u0131na y\u00f6nelik \u0130srail sald\u0131rganl\u0131klar\u0131n\u0131n, Dera&#8217;n\u0131n bat\u0131 k\u0131rsal\u0131ndaki Koya k\u00f6y\u00fcnde tehlikeli bir t\u0131rman\u0131\u015fa ge\u00e7erek \u00e7ok say\u0131da sivilin \u015fehit ve yaral\u0131ya yol a\u00e7t\u0131\u011f\u0131n\u0131 k\u0131nayarak, uluslararas\u0131 toplumu, masum insanlara kar\u015f\u0131 i\u015flenen su\u00e7larla ilgili uluslararas\u0131 soru\u015fturma ba\u015flatmaya \u00e7a\u011f\u0131rd\u0131.<\/p>\n<p style=\"text-align: justify;\">D\u0131\u015fi\u015fleri Bakanl\u0131\u011f\u0131 bug\u00fcn yapt\u0131\u011f\u0131 a\u00e7\u0131klamada \u015funlar\u0131 s\u00f6yledi: \u2018\u2019D\u0131\u015fi\u015fleri ve Gurbet\u00e7iler Bakanl\u0131\u011f\u0131, Dera k\u0131rsal\u0131ndaki Koya k\u00f6y\u00fcnde tehlikeli bir t\u0131rman\u0131\u015fa tan\u0131k olan Suriye topraklar\u0131na y\u00f6nelik devam eden \u0130srail sald\u0131rganl\u0131klar\u0131n\u0131 k\u0131n\u0131yor. Son saatlerde k\u00f6y, yerle\u015fim yerleri ve \u00e7iftlikleri hedef alan yo\u011fun top\u00e7u ve hava bombard\u0131man\u0131na maruz kald\u0131. Alt\u0131 sivilin hayat\u0131n\u0131 kaybetti\u011fi sald\u0131rganl\u0131kta, a\u011f\u0131r yaral\u0131lar ve tar\u0131m alanlar\u0131n\u0131n hedef al\u0131nmas\u0131 nedeniyle bu say\u0131n\u0131n artmas\u0131 bekleniyor.\u2019\u2019<\/p>\n<p style=\"text-align: justify;\">Bakanl\u0131k a\u00e7\u0131klamas\u0131nda\u00a0 ayr\u0131ca, \u2018\u2019Bu t\u0131rman\u0131\u015f, \u0130srail g\u00fc\u00e7lerinin Suriye topraklar\u0131na y\u00f6nelik devam eden sald\u0131rganl\u0131\u011f\u0131n\u0131n bir par\u00e7as\u0131 olarak Kuneytra ve Dera vilayetlerine girmesiyle ba\u015flayan bir dizi ihlalin ard\u0131ndan geldi. Bu, ulusal egemenlik ve uluslararas\u0131 hukukun a\u00e7\u0131k bir ihlalidir. Bu su\u00e7lar\u0131 kesin bir dille reddediyoruz ve masum insanlara kar\u015f\u0131 i\u015flenen su\u00e7lar ile \u0130srail&#8217;in ihlallerine ili\u015fkin uluslararas\u0131 bir soru\u015fturma \u00e7a\u011fr\u0131s\u0131nda bulunuyoruz.\u2019\u2019<\/p>\n<p style=\"text-align: justify;\">Bakanl\u0131k a\u015f\u0131klamas\u0131n\u0131 \u015fu ifadelere tamamlad\u0131: \u2018\u2019Suriye halk\u0131n\u0131 da topraklar\u0131na sahip \u00e7\u0131kmaya ve zorla yerinden etme veya yeni bir rejim dayatma giri\u015fimlerini reddetmeye \u00e7a\u011f\u0131r\u0131yoruz. Bu sald\u0131rganl\u0131klar\u0131n Suriye halk\u0131n\u0131 haklar\u0131n\u0131 ve topraklar\u0131n\u0131 savunmaktan al\u0131koyamayaca\u011f\u0131n\u0131 vurguluyoruz.\u2019\u2019<\/p>\n","protected":false},"excerpt":{"rendered":"<p>\u015eAM (SANA) &#8211; \u00a0D\u0131\u015fi\u015fleri ve Gurbet\u00e7iler Bakanl\u0131\u011f\u0131, Suriye topraklar\u0131na y\u00f6nelik \u0130srail sald\u0131rganl\u0131klar\u0131n\u0131n, Dera&#8217;n\u0131n bat\u0131 k\u0131rsal\u0131ndaki Koya k\u00f6y\u00fcnde tehlikeli bir t\u0131rman\u0131\u015fa ge\u00e7erek \u00e7ok say\u0131da sivilin \u015fehit ve yaral\u0131ya yol a\u00e7t\u0131\u011f\u0131n\u0131 k\u0131nayarak, uluslararas\u0131 toplumu, masum insanlara kar\u015f\u0131 i\u015flenen su\u00e7larla ilgili uluslararas\u0131 soru\u015fturma ba\u015flatmaya \u00e7a\u011f\u0131rd\u0131. D\u0131\u015fi\u015fleri Bakanl\u0131\u011f\u0131 bug\u00fcn yapt\u0131\u011f\u0131 a\u00e7\u0131klamada \u015funlar\u0131 s\u00f6yledi: \u2018\u2019D\u0131\u015fi\u015fleri ve Gurbet\u00e7iler Bakanl\u0131\u011f\u0131, Dera k\u0131rsal\u0131ndaki &hellip;<\/p>\n","protected":false},"author":41,"featured_media":317641,"comment_status":"closed","ping_status":"closed","sticky":false,"template":"","format":"standard","meta":{"footnotes":""},"categories":[479,17988,478],"tags":[2420,43604],"class_list":["post-317640","post","type-post","status-publish","format-standard","has-post-thumbnail","","category-haberler-yerel","category-son-haberler","category-yerel","tag-disisleri-bakanligi","tag-israilin-suriye-topraklarina-yonelik-devam-eden-saldirganliklarini-kinadi"],"_links":{"self":[{"href":"https:\/\/archive.sana.sy\/tr\/index.php?rest_route=\/wp\/v2\/posts\/317640","targetHints":{"allow":["GET"]}}],"collection":[{"href":"https:\/\/archive.sana.sy\/tr\/index.php?rest_route=\/wp\/v2\/posts"}],"about":[{"href":"https:\/\/archive.sana.sy\/tr\/index.php?rest_route=\/wp\/v2\/types\/post"}],"author":[{"embeddable":true,"href":"https:\/\/archive.sana.sy\/tr\/index.php?rest_route=\/wp\/v2\/users\/41"}],"replies":[{"embeddable":true,"href":"https:\/\/archive.sana.sy\/tr\/index.php?rest_route=%2Fwp%2Fv2%2Fcomments&post=317640"}],"version-history":[{"count":1,"href":"https:\/\/archive.sana.sy\/tr\/index.php?rest_route=\/wp\/v2\/posts\/317640\/revisions"}],"predecessor-version":[{"id":317642,"href":"https:\/\/archive.sana.sy\/tr\/index.php?rest_route=\/wp\/v2\/posts\/317640\/revisions\/317642"}],"wp:featuredmedia":[{"embeddable":true,"href":"https:\/\/archive.sana.sy\/tr\/index.php?rest_route=\/wp\/v2\/media\/317641"}],"wp:attachment":[{"href":"https:\/\/archive.sana.sy\/tr\/index.php?rest_route=%2Fwp%2Fv2%2Fmedia&parent=317640"}],"wp:term":[{"taxonomy":"category","embeddable":true,"href":"https:\/\/archive.sana.sy\/tr\/index.php?rest_route=%2Fwp%2Fv2%2Fcategories&post=317640"},{"taxonomy":"post_tag","embeddable":true,"href":"https:\/\/archive.sana.sy\/tr\/index.php?rest_route=%2Fwp%2Fv2%2Ftags&post=317640"}],"curies":[{"name":"wp","href":"https:\/\/api.w.org\/{rel}","templated":true}]}}