{"id":317644,"date":"2025-03-26T09:44:52","date_gmt":"2025-03-26T06:44:52","guid":{"rendered":"https:\/\/sana.sy\/tr\/?p=317644"},"modified":"2025-03-26T09:45:57","modified_gmt":"2025-03-26T06:45:57","slug":"a3-grubu-israilin-suriye-topraklarina-yonelik-saldirlarini-kinadi-ve-suriyeye-uygulanan-yaptirimlarin-derhal-kaldirilmasini-talep-etti","status":"publish","type":"post","link":"https:\/\/archive.sana.sy\/tr\/?p=317644","title":{"rendered":"A3+ Grubu, \u0130srail&#8217;in Suriye Topraklar\u0131na Y\u00f6nelik Sald\u0131rlar\u0131n\u0131 K\u0131nad\u0131 Ve Suriye&#8217;ye Uygulanan Yapt\u0131r\u0131mlar\u0131n Derhal Kald\u0131r\u0131lmas\u0131n\u0131 Talep Etti"},"content":{"rendered":"<p style=\"text-align: justify;\"><strong>NEW YORK (SANA) &#8211;<\/strong>\u00a0 Cezayir ve BM G\u00fcvenlik Konseyi&#8217;nin A3+ grubunda yer alan Afrika \u00fclkeleri, bug\u00fcn \u0130srail&#8217;in Suriye topraklar\u0131na y\u00f6nelik tekrarlanan sald\u0131rganl\u0131klar\u0131n\u0131 k\u0131nayarak, Suriye&#8217;ye uygulanan tek tarafl\u0131 yapt\u0131r\u0131mlar\u0131n derhal kald\u0131r\u0131lmas\u0131 \u00e7a\u011fr\u0131s\u0131n\u0131 yineledi.<\/p>\n<p style=\"text-align: justify;\">Grup, Suriye&#8217;nin birli\u011fi, egemenli\u011fi, ba\u011f\u0131ms\u0131zl\u0131\u011f\u0131 ve toprak b\u00fct\u00fcnl\u00fc\u011f\u00fcne olan sars\u0131lmaz ba\u011fl\u0131l\u0131\u011f\u0131n\u0131 yineleyerek, Suriye&#8217;nin i\u00e7i\u015flerine m\u00fcdahale edilmemesi \u00e7a\u011fr\u0131s\u0131nda bulundu.<\/p>\n<p style=\"text-align: justify;\">Bu a\u00e7\u0131klama, G\u00fcvenlik Konseyi&#8217;nde ge\u00e7ici \u00fcyeli\u011fe sahip \u00fc\u00e7 Afrika \u00fclkesinin (Cezayir, Sierra Leone ve Somali) yer ald\u0131\u011f\u0131 &#8220;A3+&#8221; grubu ad\u0131na Cezayir&#8217;in Birle\u015fmi\u015f Milletler Daimi Temsilcisi Ammar Bincami taraf\u0131ndan yap\u0131ld\u0131.<\/p>\n<p style=\"text-align: justify;\">Grup, \u0130srail&#8217;in Suriye topraklar\u0131na y\u00f6nelik sald\u0131r\u0131lar\u0131n\u0131 tekrarlamas\u0131 tehlikesine kar\u015f\u0131 uyar\u0131da bulunarak, bu sald\u0131r\u0131lar\u0131n b\u00f6lgedeki g\u00fcvenlik durumunu daha da k\u00f6t\u00fcle\u015ftirdi\u011fini vurgulad\u0131.<\/p>\n<p style=\"text-align: justify;\">Bin Cami, \u0130srail&#8217;in Suriye topraklar\u0131n\u0131 i\u015fgal etme ve g\u00fcney Suriye&#8217;de s\u00f6zde &#8220;askerden ar\u0131nd\u0131r\u0131lm\u0131\u015f b\u00f6lge&#8221; kurma y\u00f6n\u00fcndeki a\u00e7\u0131klamalar\u0131n\u0131n tehlikeli oldu\u011funu belirterek, t\u00fcm bunlar\u0131n Suriye&#8217;nin egemenli\u011fi ve toprak b\u00fct\u00fcnl\u00fc\u011f\u00fcn\u00fcn ihlali anlam\u0131na geldi\u011fini vurgulad\u0131.<\/p>\n<p style=\"text-align: justify;\">Bin Cami ayr\u0131ca, grubun Siyonistlerin bu a\u00e7\u0131klamalar\u0131n\u0131 ve eylemlerini k\u0131nad\u0131\u011f\u0131n\u0131 belirterek, Golan Tepeleri&#8217;nin i\u015fgal alt\u0131ndaki Suriye topra\u011f\u0131 oldu\u011funu ifade etti.<\/p>\n<p style=\"text-align: justify;\">G\u00fcvenlik Konseyi&#8217;nin 497 say\u0131l\u0131 Karar\u0131 da 1974 Ayr\u0131lma Anla\u015fmas\u0131&#8217;n\u0131n tam olarak uygulanmas\u0131 \u00e7a\u011fr\u0131s\u0131nda bulunan Bin Cami, grubun Suriye&#8217;nin kar\u015f\u0131 kar\u015f\u0131ya oldu\u011fu bu zorluklar\u0131n &#8220;uluslararas\u0131 toplumun tam deste\u011fini ve dayan\u0131\u015fmas\u0131n\u0131 gerektirdi\u011fini&#8221; kaydetti.<\/p>\n<p style=\"text-align: justify;\">Bin Cami a\u00e7\u0131klamas\u0131nda da, Suriye&#8217;de kal\u0131c\u0131 bar\u0131\u015f\u0131n sa\u011flanmas\u0131 i\u00e7in, sivil bar\u0131\u015f ve uzla\u015fmay\u0131 te\u015fvik etmek ve yerel topluluklar aras\u0131ndaki ileti\u015fimi geli\u015ftirmek ve kolayla\u015ft\u0131rmak amac\u0131yla bir komite kurulmas\u0131n\u0131n elzem oldu\u011funu kaydetti.<\/p>\n<p style=\"text-align: justify;\">Cezayir&#8217;in Birle\u015fmi\u015f Milletler Daimi Temsilcisi de grubun, bu ay\u0131n 13&#8217;\u00fcnde Suriye&#8217;de yay\u0131mlanan Anayasa Bildirgesi&#8217;ni memnuniyetle kar\u015f\u0131lad\u0131\u011f\u0131n\u0131 ve Suriye&#8217;de kapsaml\u0131 bir ge\u00e7i\u015f s\u00fcrecine ihtiya\u00e7 duyuldu\u011funa vurgu yapt\u0131\u011f\u0131n\u0131 belirtti.<\/p>\n<p style=\"text-align: justify;\">Ayn\u0131 ba\u011flamda grup, &#8220;Suriye y\u00f6netimi ile Suriye Demokratik G\u00fc\u00e7leri aras\u0131nda bu ay\u0131n 10&#8217;unda var\u0131lan mutabakat\u0131 not alarak, t\u00fcm akt\u00f6rleri ulusal ate\u015fkesi desteklemeye \u00e7a\u011f\u0131rd\u0131k&#8221; ifadelerini kulland\u0131.<\/p>\n<p style=\"text-align: justify;\">Grup, Suriye ulusal liderli\u011fi ve sahipli\u011finde, Birle\u015fmi\u015f Milletler taraf\u0131ndan kolayla\u015ft\u0131r\u0131lacak kapsaml\u0131 bir siyasi s\u00fcre\u00e7 \u00f6rg\u00fctleyerek Suriye makamlar\u0131na yard\u0131m sa\u011flama y\u00f6n\u00fcndeki BM \u00d6zel Temsilcisi&#8217;nin \u00e7abalar\u0131na ve farkl\u0131l\u0131klar\u0131n diyalog ve m\u00fczakereler yoluyla \u00e7\u00f6z\u00fclmesi gereklili\u011fine olan deste\u011fini yineledi.<\/p>\n<p style=\"text-align: justify;\">Grup \u015funlar\u0131 da kaydetti: \u201cSuriye&#8217;deki ge\u00e7i\u015f s\u00fcrecini destekleme taahh\u00fcd\u00fcm\u00fczde samimiysek, Suriyelilere \u00fclkelerini yeniden in\u015fa etmeleri i\u00e7in gerekli ara\u00e7lar\u0131 sa\u011flamal\u0131y\u0131z. \u00c7\u00fcnk\u00fc h\u0131zl\u0131 bir ekonomik toparlanma olmadan Suriyeliler i\u00e7in m\u00fcreffeh ve g\u00fcvenli bir gelecek sa\u011flamak zor olacakt\u0131r.\u201d<\/p>\n<p style=\"text-align: justify;\">Bu ba\u011flamda grup, tek tarafl\u0131 yapt\u0131r\u0131mlar\u0131n h\u0131zla kald\u0131r\u0131lmas\u0131n\u0131n \u201czorunlu\u201d oldu\u011funa dair g\u00fc\u00e7l\u00fc inanc\u0131n\u0131 yinelerken, Suriye&#8217;deki insani durumla ilgili olarak grup, uluslararas\u0131 toplumu Suriyelilere s\u00fcrekli destek ve dayan\u0131\u015fma g\u00f6stermeye, yard\u0131mlar\u0131n istikrarl\u0131 ve kesintisiz bir \u015fekilde ula\u015ft\u0131r\u0131lmas\u0131n\u0131 sa\u011flamaya \u00e7a\u011f\u0131rd\u0131.<\/p>\n","protected":false},"excerpt":{"rendered":"<p>NEW YORK (SANA) &#8211;\u00a0 Cezayir ve BM G\u00fcvenlik Konseyi&#8217;nin A3+ grubunda yer alan Afrika \u00fclkeleri, bug\u00fcn \u0130srail&#8217;in Suriye topraklar\u0131na y\u00f6nelik tekrarlanan sald\u0131rganl\u0131klar\u0131n\u0131 k\u0131nayarak, Suriye&#8217;ye uygulanan tek tarafl\u0131 yapt\u0131r\u0131mlar\u0131n derhal kald\u0131r\u0131lmas\u0131 \u00e7a\u011fr\u0131s\u0131n\u0131 yineledi. Grup, Suriye&#8217;nin birli\u011fi, egemenli\u011fi, ba\u011f\u0131ms\u0131zl\u0131\u011f\u0131 ve toprak b\u00fct\u00fcnl\u00fc\u011f\u00fcne olan sars\u0131lmaz ba\u011fl\u0131l\u0131\u011f\u0131n\u0131 yineleyerek, Suriye&#8217;nin i\u00e7i\u015flerine m\u00fcdahale edilmemesi \u00e7a\u011fr\u0131s\u0131nda bulundu. Bu a\u00e7\u0131klama, G\u00fcvenlik Konseyi&#8217;nde ge\u00e7ici &hellip;<\/p>\n","protected":false},"author":39,"featured_media":317645,"comment_status":"closed","ping_status":"closed","sticky":false,"template":"","format":"standard","meta":{"footnotes":""},"categories":[458,589,459,17988],"tags":[],"class_list":["post-317644","post","type-post","status-publish","format-standard","has-post-thumbnail","","category-dunya1","category-haber-seridi","category-haberler-arap-uluslararasi-politika","category-son-haberler"],"_links":{"self":[{"href":"https:\/\/archive.sana.sy\/tr\/index.php?rest_route=\/wp\/v2\/posts\/317644","targetHints":{"allow":["GET"]}}],"collection":[{"href":"https:\/\/archive.sana.sy\/tr\/index.php?rest_route=\/wp\/v2\/posts"}],"about":[{"href":"https:\/\/archive.sana.sy\/tr\/index.php?rest_route=\/wp\/v2\/types\/post"}],"author":[{"embeddable":true,"href":"https:\/\/archive.sana.sy\/tr\/index.php?rest_route=\/wp\/v2\/users\/39"}],"replies":[{"embeddable":true,"href":"https:\/\/archive.sana.sy\/tr\/index.php?rest_route=%2Fwp%2Fv2%2Fcomments&post=317644"}],"version-history":[{"count":1,"href":"https:\/\/archive.sana.sy\/tr\/index.php?rest_route=\/wp\/v2\/posts\/317644\/revisions"}],"predecessor-version":[{"id":317646,"href":"https:\/\/archive.sana.sy\/tr\/index.php?rest_route=\/wp\/v2\/posts\/317644\/revisions\/317646"}],"wp:featuredmedia":[{"embeddable":true,"href":"https:\/\/archive.sana.sy\/tr\/index.php?rest_route=\/wp\/v2\/media\/317645"}],"wp:attachment":[{"href":"https:\/\/archive.sana.sy\/tr\/index.php?rest_route=%2Fwp%2Fv2%2Fmedia&parent=317644"}],"wp:term":[{"taxonomy":"category","embeddable":true,"href":"https:\/\/archive.sana.sy\/tr\/index.php?rest_route=%2Fwp%2Fv2%2Fcategories&post=317644"},{"taxonomy":"post_tag","embeddable":true,"href":"https:\/\/archive.sana.sy\/tr\/index.php?rest_route=%2Fwp%2Fv2%2Ftags&post=317644"}],"curies":[{"name":"wp","href":"https:\/\/api.w.org\/{rel}","templated":true}]}}