{"id":317647,"date":"2025-03-26T07:04:13","date_gmt":"2025-03-26T04:04:13","guid":{"rendered":"https:\/\/sana.sy\/tr\/?p=317647"},"modified":"2025-03-26T09:09:52","modified_gmt":"2025-03-26T06:09:52","slug":"urdun-israil-isgal-guclerinin-daranin-koya-kasabasina-saldirganliklarini-ve-bombalamasini-en-guclu-sekilde-kinadi","status":"publish","type":"post","link":"https:\/\/archive.sana.sy\/tr\/?p=317647","title":{"rendered":"\u00dcrd\u00fcn, \u0130srail \u0130\u015fgal G\u00fc\u00e7lerinin Dera&#8217;n\u0131n Koya Kasabas\u0131na Sald\u0131rganl\u0131klar\u0131n\u0131 Ve Bombalamas\u0131n\u0131 En G\u00fc\u00e7l\u00fc \u015eekilde K\u0131nad\u0131"},"content":{"rendered":"<p style=\"text-align: justify;\"><strong>AMMAN (SANA) \u2013<\/strong> \u00dcrd\u00fcn D\u0131\u015fi\u015fleri Bakanl\u0131\u011f\u0131, \u0130srail i\u015fgal g\u00fc\u00e7lerinin Dera&#8217;n\u0131n bat\u0131s\u0131ndaki Koya kasabas\u0131na y\u00f6nelik sald\u0131rganl\u0131klar\u0131n\u0131 ve bombalamas\u0131n\u0131, \u00e7ok say\u0131da \u015fehit ve sivilin yaralanmas\u0131yla sonu\u00e7lanan sald\u0131r\u0131y\u0131 en g\u00fc\u00e7l\u00fc ifadelerle k\u0131nad\u0131.<\/p>\n<p style=\"text-align: justify;\">Ammon Haber Ajans\u0131, Bakanl\u0131\u011f\u0131n resmi s\u00f6zc\u00fcs\u00fc B\u00fcy\u00fckel\u00e7i S\u00fcfyen El Kudat&#8217;\u0131n \u015fu ifadelerine yer verdi: \u0130srail&#8217;in bombalamas\u0131, uluslararas\u0131 hukukun a\u00e7\u0131k bir ihlalidir, Suriye&#8217;nin egemenli\u011finin ve birli\u011finin a\u00e7\u0131k bir ihlalidir ve b\u00f6lgedeki \u00e7at\u0131\u015fma ve gerilimin daha da artmas\u0131na katk\u0131da bulunacak tehlikeli bir t\u0131rman\u0131\u015ft\u0131r.&#8221;<\/p>\n<p style=\"text-align: justify;\">B\u00fcy\u00fckel\u00e7i Kudat, \u00fclkesinin, \u0130srail&#8217;in Suriye Arap Cumhuriyeti topraklar\u0131na y\u00f6nelik devam eden sald\u0131rganl\u0131klar\u0131n\u0131, 1974&#8217;teki \u00c7ekilme Anla\u015fmas\u0131&#8217;n\u0131 a\u00e7\u0131k\u00e7a ihlal ederek, kesinlikle reddetti\u011fini ve k\u0131nad\u0131\u011f\u0131n\u0131 vurgulad\u0131 ve b\u00f6lgedeki durumun patlamaya yol a\u00e7abilece\u011fi konusunda uyar\u0131da bulundu.<\/p>\n<p style=\"text-align: justify;\">Kudat ayr\u0131ca, \u00dcrd\u00fcn&#8217;\u00fcn karde\u015f Suriye&#8217;nin g\u00fcvenli\u011fini, istikrar\u0131n\u0131 ve egemenli\u011fini korumas\u0131na verdi\u011fi deste\u011fi yeniden vurgulad\u0131.<\/p>\n","protected":false},"excerpt":{"rendered":"<p>AMMAN (SANA) \u2013 \u00dcrd\u00fcn D\u0131\u015fi\u015fleri Bakanl\u0131\u011f\u0131, \u0130srail i\u015fgal g\u00fc\u00e7lerinin Dera&#8217;n\u0131n bat\u0131s\u0131ndaki Koya kasabas\u0131na y\u00f6nelik sald\u0131rganl\u0131klar\u0131n\u0131 ve bombalamas\u0131n\u0131, \u00e7ok say\u0131da \u015fehit ve sivilin yaralanmas\u0131yla sonu\u00e7lanan sald\u0131r\u0131y\u0131 en g\u00fc\u00e7l\u00fc ifadelerle k\u0131nad\u0131. Ammon Haber Ajans\u0131, Bakanl\u0131\u011f\u0131n resmi s\u00f6zc\u00fcs\u00fc B\u00fcy\u00fckel\u00e7i S\u00fcfyen El Kudat&#8217;\u0131n \u015fu ifadelerine yer verdi: \u0130srail&#8217;in bombalamas\u0131, uluslararas\u0131 hukukun a\u00e7\u0131k bir ihlalidir, Suriye&#8217;nin egemenli\u011finin ve birli\u011finin a\u00e7\u0131k &hellip;<\/p>\n","protected":false},"author":39,"featured_media":317648,"comment_status":"closed","ping_status":"closed","sticky":false,"template":"","format":"standard","meta":{"footnotes":""},"categories":[458,589,459,17988],"tags":[],"class_list":["post-317647","post","type-post","status-publish","format-standard","has-post-thumbnail","","category-dunya1","category-haber-seridi","category-haberler-arap-uluslararasi-politika","category-son-haberler"],"_links":{"self":[{"href":"https:\/\/archive.sana.sy\/tr\/index.php?rest_route=\/wp\/v2\/posts\/317647","targetHints":{"allow":["GET"]}}],"collection":[{"href":"https:\/\/archive.sana.sy\/tr\/index.php?rest_route=\/wp\/v2\/posts"}],"about":[{"href":"https:\/\/archive.sana.sy\/tr\/index.php?rest_route=\/wp\/v2\/types\/post"}],"author":[{"embeddable":true,"href":"https:\/\/archive.sana.sy\/tr\/index.php?rest_route=\/wp\/v2\/users\/39"}],"replies":[{"embeddable":true,"href":"https:\/\/archive.sana.sy\/tr\/index.php?rest_route=%2Fwp%2Fv2%2Fcomments&post=317647"}],"version-history":[{"count":2,"href":"https:\/\/archive.sana.sy\/tr\/index.php?rest_route=\/wp\/v2\/posts\/317647\/revisions"}],"predecessor-version":[{"id":317650,"href":"https:\/\/archive.sana.sy\/tr\/index.php?rest_route=\/wp\/v2\/posts\/317647\/revisions\/317650"}],"wp:featuredmedia":[{"embeddable":true,"href":"https:\/\/archive.sana.sy\/tr\/index.php?rest_route=\/wp\/v2\/media\/317648"}],"wp:attachment":[{"href":"https:\/\/archive.sana.sy\/tr\/index.php?rest_route=%2Fwp%2Fv2%2Fmedia&parent=317647"}],"wp:term":[{"taxonomy":"category","embeddable":true,"href":"https:\/\/archive.sana.sy\/tr\/index.php?rest_route=%2Fwp%2Fv2%2Fcategories&post=317647"},{"taxonomy":"post_tag","embeddable":true,"href":"https:\/\/archive.sana.sy\/tr\/index.php?rest_route=%2Fwp%2Fv2%2Ftags&post=317647"}],"curies":[{"name":"wp","href":"https:\/\/api.w.org\/{rel}","templated":true}]}}