{"id":317656,"date":"2025-03-26T09:23:01","date_gmt":"2025-03-26T06:23:01","guid":{"rendered":"https:\/\/sana.sy\/tr\/?p=317656"},"modified":"2025-03-26T09:24:36","modified_gmt":"2025-03-26T06:24:36","slug":"ekonomi-ve-sanayi-bakani-dunya-bankasi-temsilcileriyle-suriyedeki-ekonomik-kalkinmanin-onceliklerini-gorustu","status":"publish","type":"post","link":"https:\/\/archive.sana.sy\/tr\/?p=317656","title":{"rendered":"Ekonomi Ve Sanayi Bakan\u0131, D\u00fcnya Bankas\u0131 Temsilcileriyle Suriye&#8217;deki Ekonomik Kalk\u0131nman\u0131n \u00d6nceliklerini G\u00f6r\u00fc\u015ft\u00fc"},"content":{"rendered":"<p style=\"text-align: justify;\"><strong>\u015eAM (SANA) \u2013<\/strong> Ekonomi ve Sanayi Bakan\u0131 Basil Abd\u00fclhanan, D\u00fcnya Bankas\u0131 temsilcileriyle yapt\u0131\u011f\u0131 toplant\u0131da Suriye&#8217;deki ekonomik kalk\u0131nman\u0131n \u00f6nceliklerini g\u00f6r\u00fc\u015ferek, ekonomik toparlanmaya ula\u015fmay\u0131 ama\u00e7layan entegre bir eylem plan\u0131 geli\u015ftirdi.<\/p>\n<p style=\"text-align: justify;\">Bakanl\u0131kta ger\u00e7ekle\u015ftirilen toplant\u0131da iki taraf, Suriye ekonomisinin kar\u015f\u0131 kar\u015f\u0131ya oldu\u011fu zorluklar\u0131 ve yeni kalk\u0131nma projelerinin uygulanmas\u0131 ve enerji ve sanayi gibi hayati sekt\u00f6rlerin desteklenmesi de dahil olmak \u00fczere Bakanl\u0131k ile D\u00fcnya Bankas\u0131 aras\u0131ndaki i\u015fbirli\u011fine y\u00f6nelik bir dizi fikir ve giri\u015fimi ele ald\u0131.<\/p>\n<p style=\"text-align: justify;\">\u0130ki taraf, vatanda\u015flar\u0131n ya\u015fam ko\u015fullar\u0131n\u0131n iyile\u015ftirilmesini ve \u00e7e\u015fitli alanlarda yeni i\u015f f\u0131rsatlar\u0131 yarat\u0131lmas\u0131n\u0131 sa\u011flayan s\u00fcrd\u00fcr\u00fclebilir bir \u00e7er\u00e7eve olu\u015fturarak iyile\u015fme s\u00fcrecinde uluslararas\u0131 ortakl\u0131\u011f\u0131n \u00f6nemini vurgulad\u0131.<\/p>\n<div id='gallery-1' class='gallery galleryid-317656 gallery-columns-2 gallery-size-full'><figure class='gallery-item'>\n\t\t\t<div class='gallery-icon landscape'>\n\t\t\t\t<a href='https:\/\/archive.sana.sy\/tr\/wp-content\/uploads\/2025\/03\/photo_2025-03-25_22-01-41-copy.jpg'><img loading=\"lazy\" decoding=\"async\" width=\"660\" height=\"371\" src=\"https:\/\/archive.sana.sy\/tr\/wp-content\/uploads\/2025\/03\/photo_2025-03-25_22-01-41-copy.jpg\" class=\"attachment-full size-full\" alt=\"\" srcset=\"https:\/\/archive.sana.sy\/tr\/wp-content\/uploads\/2025\/03\/photo_2025-03-25_22-01-41-copy.jpg 660w, https:\/\/archive.sana.sy\/tr\/wp-content\/uploads\/2025\/03\/photo_2025-03-25_22-01-41-copy-300x169.jpg 300w\" sizes=\"auto, (max-width: 660px) 100vw, 660px\" \/><\/a>\n\t\t\t<\/div><\/figure><figure class='gallery-item'>\n\t\t\t<div class='gallery-icon landscape'>\n\t\t\t\t<a href='https:\/\/archive.sana.sy\/tr\/wp-content\/uploads\/2025\/03\/photo_2025-03-25_23-27-09-copy.jpg'><img loading=\"lazy\" decoding=\"async\" width=\"660\" height=\"371\" src=\"https:\/\/archive.sana.sy\/tr\/wp-content\/uploads\/2025\/03\/photo_2025-03-25_23-27-09-copy.jpg\" class=\"attachment-full size-full\" alt=\"\" srcset=\"https:\/\/archive.sana.sy\/tr\/wp-content\/uploads\/2025\/03\/photo_2025-03-25_23-27-09-copy.jpg 660w, https:\/\/archive.sana.sy\/tr\/wp-content\/uploads\/2025\/03\/photo_2025-03-25_23-27-09-copy-300x169.jpg 300w\" sizes=\"auto, (max-width: 660px) 100vw, 660px\" \/><\/a>\n\t\t\t<\/div><\/figure>\n\t\t<\/div>\n\n","protected":false},"excerpt":{"rendered":"<p>\u015eAM (SANA) \u2013 Ekonomi ve Sanayi Bakan\u0131 Basil Abd\u00fclhanan, D\u00fcnya Bankas\u0131 temsilcileriyle yapt\u0131\u011f\u0131 toplant\u0131da Suriye&#8217;deki ekonomik kalk\u0131nman\u0131n \u00f6nceliklerini g\u00f6r\u00fc\u015ferek, ekonomik toparlanmaya ula\u015fmay\u0131 ama\u00e7layan entegre bir eylem plan\u0131 geli\u015ftirdi. Bakanl\u0131kta ger\u00e7ekle\u015ftirilen toplant\u0131da iki taraf, Suriye ekonomisinin kar\u015f\u0131 kar\u015f\u0131ya oldu\u011fu zorluklar\u0131 ve yeni kalk\u0131nma projelerinin uygulanmas\u0131 ve enerji ve sanayi gibi hayati sekt\u00f6rlerin desteklenmesi de dahil olmak &hellip;<\/p>\n","protected":false},"author":39,"featured_media":317657,"comment_status":"closed","ping_status":"closed","sticky":false,"template":"","format":"standard","meta":{"footnotes":""},"categories":[589,479,17988,478],"tags":[],"class_list":["post-317656","post","type-post","status-publish","format-standard","has-post-thumbnail","","category-haber-seridi","category-haberler-yerel","category-son-haberler","category-yerel"],"_links":{"self":[{"href":"https:\/\/archive.sana.sy\/tr\/index.php?rest_route=\/wp\/v2\/posts\/317656","targetHints":{"allow":["GET"]}}],"collection":[{"href":"https:\/\/archive.sana.sy\/tr\/index.php?rest_route=\/wp\/v2\/posts"}],"about":[{"href":"https:\/\/archive.sana.sy\/tr\/index.php?rest_route=\/wp\/v2\/types\/post"}],"author":[{"embeddable":true,"href":"https:\/\/archive.sana.sy\/tr\/index.php?rest_route=\/wp\/v2\/users\/39"}],"replies":[{"embeddable":true,"href":"https:\/\/archive.sana.sy\/tr\/index.php?rest_route=%2Fwp%2Fv2%2Fcomments&post=317656"}],"version-history":[{"count":2,"href":"https:\/\/archive.sana.sy\/tr\/index.php?rest_route=\/wp\/v2\/posts\/317656\/revisions"}],"predecessor-version":[{"id":317661,"href":"https:\/\/archive.sana.sy\/tr\/index.php?rest_route=\/wp\/v2\/posts\/317656\/revisions\/317661"}],"wp:featuredmedia":[{"embeddable":true,"href":"https:\/\/archive.sana.sy\/tr\/index.php?rest_route=\/wp\/v2\/media\/317657"}],"wp:attachment":[{"href":"https:\/\/archive.sana.sy\/tr\/index.php?rest_route=%2Fwp%2Fv2%2Fmedia&parent=317656"}],"wp:term":[{"taxonomy":"category","embeddable":true,"href":"https:\/\/archive.sana.sy\/tr\/index.php?rest_route=%2Fwp%2Fv2%2Fcategories&post=317656"},{"taxonomy":"post_tag","embeddable":true,"href":"https:\/\/archive.sana.sy\/tr\/index.php?rest_route=%2Fwp%2Fv2%2Ftags&post=317656"}],"curies":[{"name":"wp","href":"https:\/\/api.w.org\/{rel}","templated":true}]}}