{"id":317662,"date":"2025-03-26T09:43:00","date_gmt":"2025-03-26T06:43:00","guid":{"rendered":"https:\/\/sana.sy\/tr\/?p=317662"},"modified":"2025-03-26T14:42:40","modified_gmt":"2025-03-26T11:42:40","slug":"suudi-arabistan-israil-isgal-guclerinin-dera-kirsalindaki-koya-kasabasini-bombalamasini-siddetle-kinadi","status":"publish","type":"post","link":"https:\/\/archive.sana.sy\/tr\/?p=317662","title":{"rendered":"Suudi Arabistan, \u0130srail \u0130\u015fgal G\u00fc\u00e7lerinin Dera K\u0131rsal\u0131ndaki Koya Kasabas\u0131n\u0131 Bombalamas\u0131n\u0131 \u015eiddetle K\u0131nad\u0131"},"content":{"rendered":"<p style=\"text-align: justify;\"><strong><span style=\"color: #800000;\">R\u0130YAD (SANA)<\/span> \u2013<\/strong> Suudi Arabistan D\u0131\u015fi\u015fleri Bakanl\u0131\u011f\u0131, Krall\u0131\u011f\u0131&#8217;n\u0131n, onlarca masum insan\u0131n \u00f6ld\u00fcr\u00fclmesi ve yaralanmas\u0131yla sonu\u00e7lanan \u0130srail i\u015fgal g\u00fc\u00e7lerinin karde\u015f Suriye Arap Cumhuriyeti&#8217;ndeki Koya kasabas\u0131n\u0131 bombalamas\u0131n\u0131 g\u00fc\u00e7l\u00fc bir \u015fekilde k\u0131nad\u0131\u011f\u0131n\u0131 ifade etti.<\/p>\n<p style=\"text-align: justify;\">Bakanl\u0131k, (x) platformunda yapt\u0131\u011f\u0131 a\u00e7\u0131klamada, Krall\u0131\u011f\u0131n, \u0130srail i\u015fgal otoritelerinin, ilgili uluslararas\u0131 yasalar\u0131 bariz ve defalarca ihlal ederek Suriye ve b\u00f6lgenin g\u00fcvenlik ve istikrar\u0131n\u0131 baltalamaya y\u00f6nelik devam eden giri\u015fimlerini kategorik olarak reddetti\u011fini yineledi\u011fini belirtti.<\/p>\n<p style=\"text-align: justify;\">Suudi D\u0131\u015fi\u015fleri Bakanl\u0131\u011f\u0131 ayr\u0131ca, Krall\u0131\u011f\u0131n, \u0130srail&#8217;in bu haks\u0131z sald\u0131r\u0131s\u0131 kar\u015f\u0131s\u0131nda karde\u015f Suriye ile dayan\u0131\u015fmas\u0131n\u0131 ifade etti\u011fini ve G\u00fcvenlik Konseyi \u00fcyesi devletlerin \u00fczerlerine d\u00fc\u015fen rol\u00fc yerine getirmeleri, \u0130srail&#8217;in Suriye ve b\u00f6lgede devam eden ihlalleri kar\u015f\u0131s\u0131nda ciddi ve kararl\u0131 bir \u015fekilde durmalar\u0131 ve bunlara kar\u015f\u0131 uluslararas\u0131 hesap verme mekanizmalar\u0131n\u0131 harekete ge\u00e7irmeleri gerekti\u011fini vurgulad\u0131.<\/p>\n","protected":false},"excerpt":{"rendered":"<p>R\u0130YAD (SANA) \u2013 Suudi Arabistan D\u0131\u015fi\u015fleri Bakanl\u0131\u011f\u0131, Krall\u0131\u011f\u0131&#8217;n\u0131n, onlarca masum insan\u0131n \u00f6ld\u00fcr\u00fclmesi ve yaralanmas\u0131yla sonu\u00e7lanan \u0130srail i\u015fgal g\u00fc\u00e7lerinin karde\u015f Suriye Arap Cumhuriyeti&#8217;ndeki Koya kasabas\u0131n\u0131 bombalamas\u0131n\u0131 g\u00fc\u00e7l\u00fc bir \u015fekilde k\u0131nad\u0131\u011f\u0131n\u0131 ifade etti. Bakanl\u0131k, (x) platformunda yapt\u0131\u011f\u0131 a\u00e7\u0131klamada, Krall\u0131\u011f\u0131n, \u0130srail i\u015fgal otoritelerinin, ilgili uluslararas\u0131 yasalar\u0131 bariz ve defalarca ihlal ederek Suriye ve b\u00f6lgenin g\u00fcvenlik ve istikrar\u0131n\u0131 baltalamaya &hellip;<\/p>\n","protected":false},"author":39,"featured_media":317663,"comment_status":"closed","ping_status":"closed","sticky":false,"template":"","format":"standard","meta":{"footnotes":""},"categories":[458,589,459,17988],"tags":[],"class_list":["post-317662","post","type-post","status-publish","format-standard","has-post-thumbnail","","category-dunya1","category-haber-seridi","category-haberler-arap-uluslararasi-politika","category-son-haberler"],"_links":{"self":[{"href":"https:\/\/archive.sana.sy\/tr\/index.php?rest_route=\/wp\/v2\/posts\/317662","targetHints":{"allow":["GET"]}}],"collection":[{"href":"https:\/\/archive.sana.sy\/tr\/index.php?rest_route=\/wp\/v2\/posts"}],"about":[{"href":"https:\/\/archive.sana.sy\/tr\/index.php?rest_route=\/wp\/v2\/types\/post"}],"author":[{"embeddable":true,"href":"https:\/\/archive.sana.sy\/tr\/index.php?rest_route=\/wp\/v2\/users\/39"}],"replies":[{"embeddable":true,"href":"https:\/\/archive.sana.sy\/tr\/index.php?rest_route=%2Fwp%2Fv2%2Fcomments&post=317662"}],"version-history":[{"count":2,"href":"https:\/\/archive.sana.sy\/tr\/index.php?rest_route=\/wp\/v2\/posts\/317662\/revisions"}],"predecessor-version":[{"id":317699,"href":"https:\/\/archive.sana.sy\/tr\/index.php?rest_route=\/wp\/v2\/posts\/317662\/revisions\/317699"}],"wp:featuredmedia":[{"embeddable":true,"href":"https:\/\/archive.sana.sy\/tr\/index.php?rest_route=\/wp\/v2\/media\/317663"}],"wp:attachment":[{"href":"https:\/\/archive.sana.sy\/tr\/index.php?rest_route=%2Fwp%2Fv2%2Fmedia&parent=317662"}],"wp:term":[{"taxonomy":"category","embeddable":true,"href":"https:\/\/archive.sana.sy\/tr\/index.php?rest_route=%2Fwp%2Fv2%2Fcategories&post=317662"},{"taxonomy":"post_tag","embeddable":true,"href":"https:\/\/archive.sana.sy\/tr\/index.php?rest_route=%2Fwp%2Fv2%2Ftags&post=317662"}],"curies":[{"name":"wp","href":"https:\/\/api.w.org\/{rel}","templated":true}]}}