{"id":317671,"date":"2025-03-26T10:33:10","date_gmt":"2025-03-26T07:33:10","guid":{"rendered":"https:\/\/sana.sy\/tr\/?p=317671"},"modified":"2025-03-26T14:35:49","modified_gmt":"2025-03-26T11:35:49","slug":"cin-israilin-suriye-topraklarina-yonelik-saldirganliklarini-kinadi","status":"publish","type":"post","link":"https:\/\/archive.sana.sy\/tr\/?p=317671","title":{"rendered":"\u00c7in, \u0130srail&#8217;in Suriye Topraklar\u0131na Y\u00f6nelik Sald\u0131rganl\u0131klar\u0131n\u0131 K\u0131nad\u0131"},"content":{"rendered":"<p style=\"text-align: justify;\"><strong><span style=\"color: #800000;\">NEW YORK (SANA)<\/span> &#8211;\u00a0 <\/strong>\u00c7in&#8217;in Birle\u015fmi\u015f Milletler Daimi Temsilcisi Fu Cong, \u0130srail&#8217;in Suriye topraklar\u0131na y\u00f6nelik sald\u0131rganl\u0131klar\u0131n\u0131 k\u0131nayarak, i\u015fgal g\u00fc\u00e7lerine derhal buralardan \u00e7ekilme \u00e7a\u011fr\u0131s\u0131nda bulundu.<\/p>\n<p style=\"text-align: justify;\">\u00c7in &#8220;Xinhua&#8221; Ajans\u0131, Zong&#8217;un BM G\u00fcvenlik Konseyi oturumunda, Suriye&#8217;nin egemenli\u011fine, ba\u011f\u0131ms\u0131zl\u0131\u011f\u0131na, birli\u011fine ve toprak b\u00fct\u00fcnl\u00fc\u011f\u00fcne sayg\u0131 g\u00f6sterilmesi gerekti\u011fini ve \u0130srail g\u00fc\u00e7lerinin gecikmeden Suriye topraklar\u0131ndan \u00e7ekilmesi gerekti\u011fini s\u00f6yledi\u011fini aktard\u0131.<\/p>\n<p style=\"text-align: justify;\">Cong \u015funlar\u0131 ekledi: &#8220;\u00c7in, Suriye&#8217;deki durumu yak\u0131ndan takip ediyor ve \u00fclkenin siyasi ge\u00e7i\u015f s\u00fcrecinde uluslararas\u0131 toplumun yard\u0131m\u0131yla ilerleyerek bar\u0131\u015f ve istikrar\u0131 m\u00fcmk\u00fcn olan en k\u0131sa s\u00fcrede yeniden tesis etmesini umuyoruz.&#8221;<\/p>\n","protected":false},"excerpt":{"rendered":"<p>NEW YORK (SANA) &#8211;\u00a0 \u00c7in&#8217;in Birle\u015fmi\u015f Milletler Daimi Temsilcisi Fu Cong, \u0130srail&#8217;in Suriye topraklar\u0131na y\u00f6nelik sald\u0131rganl\u0131klar\u0131n\u0131 k\u0131nayarak, i\u015fgal g\u00fc\u00e7lerine derhal buralardan \u00e7ekilme \u00e7a\u011fr\u0131s\u0131nda bulundu. \u00c7in &#8220;Xinhua&#8221; Ajans\u0131, Zong&#8217;un BM G\u00fcvenlik Konseyi oturumunda, Suriye&#8217;nin egemenli\u011fine, ba\u011f\u0131ms\u0131zl\u0131\u011f\u0131na, birli\u011fine ve toprak b\u00fct\u00fcnl\u00fc\u011f\u00fcne sayg\u0131 g\u00f6sterilmesi gerekti\u011fini ve \u0130srail g\u00fc\u00e7lerinin gecikmeden Suriye topraklar\u0131ndan \u00e7ekilmesi gerekti\u011fini s\u00f6yledi\u011fini aktard\u0131. Cong \u015funlar\u0131 ekledi: &hellip;<\/p>\n","protected":false},"author":39,"featured_media":317672,"comment_status":"closed","ping_status":"closed","sticky":false,"template":"","format":"standard","meta":{"footnotes":""},"categories":[458,589,459,17988],"tags":[],"class_list":["post-317671","post","type-post","status-publish","format-standard","has-post-thumbnail","","category-dunya1","category-haber-seridi","category-haberler-arap-uluslararasi-politika","category-son-haberler"],"_links":{"self":[{"href":"https:\/\/archive.sana.sy\/tr\/index.php?rest_route=\/wp\/v2\/posts\/317671","targetHints":{"allow":["GET"]}}],"collection":[{"href":"https:\/\/archive.sana.sy\/tr\/index.php?rest_route=\/wp\/v2\/posts"}],"about":[{"href":"https:\/\/archive.sana.sy\/tr\/index.php?rest_route=\/wp\/v2\/types\/post"}],"author":[{"embeddable":true,"href":"https:\/\/archive.sana.sy\/tr\/index.php?rest_route=\/wp\/v2\/users\/39"}],"replies":[{"embeddable":true,"href":"https:\/\/archive.sana.sy\/tr\/index.php?rest_route=%2Fwp%2Fv2%2Fcomments&post=317671"}],"version-history":[{"count":2,"href":"https:\/\/archive.sana.sy\/tr\/index.php?rest_route=\/wp\/v2\/posts\/317671\/revisions"}],"predecessor-version":[{"id":317697,"href":"https:\/\/archive.sana.sy\/tr\/index.php?rest_route=\/wp\/v2\/posts\/317671\/revisions\/317697"}],"wp:featuredmedia":[{"embeddable":true,"href":"https:\/\/archive.sana.sy\/tr\/index.php?rest_route=\/wp\/v2\/media\/317672"}],"wp:attachment":[{"href":"https:\/\/archive.sana.sy\/tr\/index.php?rest_route=%2Fwp%2Fv2%2Fmedia&parent=317671"}],"wp:term":[{"taxonomy":"category","embeddable":true,"href":"https:\/\/archive.sana.sy\/tr\/index.php?rest_route=%2Fwp%2Fv2%2Fcategories&post=317671"},{"taxonomy":"post_tag","embeddable":true,"href":"https:\/\/archive.sana.sy\/tr\/index.php?rest_route=%2Fwp%2Fv2%2Ftags&post=317671"}],"curies":[{"name":"wp","href":"https:\/\/api.w.org\/{rel}","templated":true}]}}