{"id":317683,"date":"2025-03-26T12:30:35","date_gmt":"2025-03-26T09:30:35","guid":{"rendered":"https:\/\/sana.sy\/tr\/?p=317683"},"modified":"2025-03-26T14:27:19","modified_gmt":"2025-03-26T11:27:19","slug":"ihio-abne-suriyeye-yonelik-yaptirimlarin-kaldirilmasina-yonelik-cabalara-onculuk-etmesi-cagrisinda-bulund","status":"publish","type":"post","link":"https:\/\/archive.sana.sy\/tr\/?p=317683","title":{"rendered":"\u0130H\u0130\u00d6, AB&#8217;ne Suriye&#8217;ye Y\u00f6nelik Yapt\u0131r\u0131mlar\u0131n Kald\u0131r\u0131lmas\u0131na Y\u00f6nelik \u00c7abalara \u00d6nc\u00fcl\u00fck Etmesi \u00c7a\u011fr\u0131s\u0131nda Bulundu"},"content":{"rendered":"<p style=\"text-align: justify;\"><span style=\"color: #800000;\"><strong>NEW YORK (SANA)<\/strong><\/span> &#8211; \u0130nsan Haklar\u0131 \u0130zleme \u00d6rg\u00fct\u00fc, Avrupa Birli\u011fi&#8217;ne Suriye&#8217;ye uygulanan yapt\u0131r\u0131mlar\u0131n kald\u0131r\u0131lmas\u0131nda liderlik rol\u00fc oynamas\u0131 \u00e7a\u011fr\u0131s\u0131nda bulunarak, bu yapt\u0131r\u0131mlar\u0131n \u00fclkenin toparlanmas\u0131n\u0131 engelledi\u011fi ve sivillerin ac\u0131lar\u0131n\u0131 daha da art\u0131rd\u0131\u011f\u0131 uyar\u0131s\u0131nda bulundu.<\/p>\n<p style=\"text-align: justify;\">\u00d6rg\u00fct yapt\u0131\u011f\u0131 a\u00e7\u0131klamada, &#8220;Ara\u015ft\u0131rmac\u0131lar, 15 y\u0131l aradan sonra ilk kez \u015eam&#8217;a yapt\u0131klar\u0131 ziyarette, sava\u015f y\u0131llar\u0131n\u0131n yol a\u00e7t\u0131\u011f\u0131 y\u0131k\u0131m\u0131n boyutunu, y\u00fczde 90&#8217;\u0131 yoksulluk s\u0131n\u0131r\u0131n\u0131n alt\u0131nda ya\u015fayan ve n\u00fcfusun yar\u0131s\u0131n\u0131n yeterli g\u0131daya ula\u015fmakta ya da maliyetini kar\u015f\u0131lamakta zorluk ya\u015fad\u0131\u011f\u0131 Suriyelilerin kar\u015f\u0131la\u015ft\u0131\u011f\u0131 ekonomik ve sosyal zorluklar\u0131n boyutunu fark ettiler&#8221; diyerek, ba\u015fkent \u015eam d\u0131\u015f\u0131ndaki ko\u015fullar\u0131n daha a\u011f\u0131r olabilece\u011fini vurgulayarak, bu durumun acil uluslararas\u0131 deste\u011fe olan acil ihtiyac\u0131n alt\u0131n\u0131 \u00e7izdi.<\/p>\n<p style=\"text-align: justify;\">\u00d6rg\u00fct ayr\u0131ca, Bat\u0131l\u0131 \u00fclkelere, uluslararas\u0131 yapt\u0131r\u0131mlar\u0131n devam\u0131n\u0131n Suriye&#8217;nin toparlanmas\u0131n\u0131 ve Suriyelilerin temel hizmetlere eri\u015fimini engelledi\u011finin fark\u0131na varmalar\u0131 \u00e7a\u011fr\u0131s\u0131nda bulunarak, Avrupa Birli\u011fi&#8217;nin yak\u0131n zamanda enerji ve ula\u015ft\u0131rma gibi baz\u0131 kilit sekt\u00f6rlerdeki yapt\u0131r\u0131mlar\u0131 ask\u0131ya almas\u0131n\u0131n ve finans sekt\u00f6r\u00fcne uygulanan yapt\u0131r\u0131mlar\u0131n hafifletilmesinin iyi bir ad\u0131m oldu\u011funu ancak daha fazlas\u0131na ihtiya\u00e7 oldu\u011funu belirtti.<\/p>\n<p style=\"text-align: justify;\">\u00d6rg\u00fct a\u00e7\u0131klamas\u0131nda da, Avrupa Birli\u011fi&#8217;ne, s\u0131radan Suriye vatanda\u015flar\u0131na zarar veren a\u015f\u0131r\u0131 yapt\u0131r\u0131mlara uyumun \u00f6nlenmesine y\u00f6nelik \u00e7abalara acilen \u00f6nc\u00fcl\u00fck etmesi, bankac\u0131l\u0131k sekt\u00f6r\u00fc ve \u00e7ift kullan\u0131ml\u0131 materyaller de dahil olmak \u00fczere kalan yapt\u0131r\u0131mlar\u0131n Suriyelilerin ekonomik ve sosyal haklar\u0131 \u00fczerindeki etkisini de\u011ferlendirmesi ve ayr\u0131ca sivillerin zarar g\u00f6rmemesini sa\u011flamak i\u00e7in bu yapt\u0131r\u0131mlar\u0131n kapsaml\u0131 bir incelemesini yapmas\u0131 \u00e7a\u011fr\u0131s\u0131nda bulundu.<\/p>\n","protected":false},"excerpt":{"rendered":"<p>NEW YORK (SANA) &#8211; \u0130nsan Haklar\u0131 \u0130zleme \u00d6rg\u00fct\u00fc, Avrupa Birli\u011fi&#8217;ne Suriye&#8217;ye uygulanan yapt\u0131r\u0131mlar\u0131n kald\u0131r\u0131lmas\u0131nda liderlik rol\u00fc oynamas\u0131 \u00e7a\u011fr\u0131s\u0131nda bulunarak, bu yapt\u0131r\u0131mlar\u0131n \u00fclkenin toparlanmas\u0131n\u0131 engelledi\u011fi ve sivillerin ac\u0131lar\u0131n\u0131 daha da art\u0131rd\u0131\u011f\u0131 uyar\u0131s\u0131nda bulundu. \u00d6rg\u00fct yapt\u0131\u011f\u0131 a\u00e7\u0131klamada, &#8220;Ara\u015ft\u0131rmac\u0131lar, 15 y\u0131l aradan sonra ilk kez \u015eam&#8217;a yapt\u0131klar\u0131 ziyarette, sava\u015f y\u0131llar\u0131n\u0131n yol a\u00e7t\u0131\u011f\u0131 y\u0131k\u0131m\u0131n boyutunu, y\u00fczde 90&#8217;\u0131 yoksulluk s\u0131n\u0131r\u0131n\u0131n &hellip;<\/p>\n","protected":false},"author":39,"featured_media":317684,"comment_status":"closed","ping_status":"closed","sticky":false,"template":"","format":"standard","meta":{"footnotes":""},"categories":[458,589,459,17988],"tags":[],"class_list":["post-317683","post","type-post","status-publish","format-standard","has-post-thumbnail","","category-dunya1","category-haber-seridi","category-haberler-arap-uluslararasi-politika","category-son-haberler"],"_links":{"self":[{"href":"https:\/\/archive.sana.sy\/tr\/index.php?rest_route=\/wp\/v2\/posts\/317683","targetHints":{"allow":["GET"]}}],"collection":[{"href":"https:\/\/archive.sana.sy\/tr\/index.php?rest_route=\/wp\/v2\/posts"}],"about":[{"href":"https:\/\/archive.sana.sy\/tr\/index.php?rest_route=\/wp\/v2\/types\/post"}],"author":[{"embeddable":true,"href":"https:\/\/archive.sana.sy\/tr\/index.php?rest_route=\/wp\/v2\/users\/39"}],"replies":[{"embeddable":true,"href":"https:\/\/archive.sana.sy\/tr\/index.php?rest_route=%2Fwp%2Fv2%2Fcomments&post=317683"}],"version-history":[{"count":3,"href":"https:\/\/archive.sana.sy\/tr\/index.php?rest_route=\/wp\/v2\/posts\/317683\/revisions"}],"predecessor-version":[{"id":317691,"href":"https:\/\/archive.sana.sy\/tr\/index.php?rest_route=\/wp\/v2\/posts\/317683\/revisions\/317691"}],"wp:featuredmedia":[{"embeddable":true,"href":"https:\/\/archive.sana.sy\/tr\/index.php?rest_route=\/wp\/v2\/media\/317684"}],"wp:attachment":[{"href":"https:\/\/archive.sana.sy\/tr\/index.php?rest_route=%2Fwp%2Fv2%2Fmedia&parent=317683"}],"wp:term":[{"taxonomy":"category","embeddable":true,"href":"https:\/\/archive.sana.sy\/tr\/index.php?rest_route=%2Fwp%2Fv2%2Fcategories&post=317683"},{"taxonomy":"post_tag","embeddable":true,"href":"https:\/\/archive.sana.sy\/tr\/index.php?rest_route=%2Fwp%2Fv2%2Ftags&post=317683"}],"curies":[{"name":"wp","href":"https:\/\/api.w.org\/{rel}","templated":true}]}}