{"id":317686,"date":"2025-03-26T11:00:53","date_gmt":"2025-03-26T08:00:53","guid":{"rendered":"https:\/\/sana.sy\/tr\/?p=317686"},"modified":"2025-03-26T14:33:20","modified_gmt":"2025-03-26T11:33:20","slug":"korfez-isbirligi-konseyi-israil-isgal-guclerinin-koya-koyune-yonelik-saldirganliginin-bolgenin-guvenligini-istikrarsizlastirma-yaklasiminin-bir-devami-oldugunu-vurguladi","status":"publish","type":"post","link":"https:\/\/archive.sana.sy\/tr\/?p=317686","title":{"rendered":"K\u0130K, \u0130srail \u0130\u015fgal G\u00fc\u00e7lerinin Koya K\u00f6y\u00fcne Y\u00f6nelik Sald\u0131rganl\u0131\u011f\u0131n\u0131n, B\u00f6lgenin G\u00fcvenli\u011fini \u0130stikrars\u0131zla\u015ft\u0131rma Yakla\u015f\u0131m\u0131n\u0131n Bir Devam\u0131 Oldu\u011funu Vurgulad\u0131"},"content":{"rendered":"<p style=\"text-align: justify;\"><span style=\"color: #800000;\"><strong>R\u0130YAD (SANA)<\/strong><\/span> \u2013 K\u00f6rfez \u0130\u015fbirli\u011fi Konseyi Genel Sekreteri Cassim Muhammed El Budavi, \u0130srail i\u015fgal g\u00fc\u00e7lerinin Dara&#8217;n\u0131n bat\u0131s\u0131ndaki Koya kasabas\u0131na y\u00f6nelik sald\u0131rganl\u0131\u011f\u0131n\u0131 g\u00fc\u00e7l\u00fc bir \u015fekilde k\u0131nad\u0131\u011f\u0131n\u0131 ve k\u0131nad\u0131\u011f\u0131n\u0131 ifade etti.<\/p>\n<p style=\"text-align: justify;\">Konseyin Genel Sekreterli\u011fi internet sitesinde El Badavi&#8217;nin \u015fu ifadelerine yer verildi: &#8220;\u0130srail i\u015fgal g\u00fc\u00e7lerinin bu sald\u0131rganl\u0131klar\u0131, b\u00f6lgedeki g\u00fcvenlik ve istikrar\u0131 istikrars\u0131zla\u015ft\u0131rmaya y\u00f6nelik sald\u0131rgan yakla\u015f\u0131m\u0131n\u0131n bir devam\u0131 olarak geliyor.&#8221;<\/p>\n<p style=\"text-align: justify;\">El Badavi ayr\u0131ca, uluslararas\u0131 toplumun \u0130srail&#8217;in Suriye topraklar\u0131na y\u00f6nelik tekrarlanan sald\u0131r\u0131lar\u0131n\u0131 durdurma konusundaki sorumluluklar\u0131n\u0131 yerine getirmesi ve \u0130srail&#8217;e i\u015fgal alt\u0131ndaki t\u00fcm Suriye topraklar\u0131ndan \u00e7ekilmesi \u00e7a\u011fr\u0131s\u0131nda bulunmas\u0131 gerekti\u011fini vurgulad\u0131.<\/p>\n<p style=\"text-align: justify;\">K\u00f6rfez Arap \u00dclkeleri \u0130\u015fbirli\u011fi Konseyi Bakanlar Konseyi&#8217;nin 163. oturumunda yapt\u0131\u011f\u0131 a\u00e7\u0131klamada belirtilenleri yineleyen El Badavi, karde\u015f Suriye Arap Cumhuriyeti&#8217;nin egemenli\u011fine, ba\u011f\u0131ms\u0131zl\u0131\u011f\u0131na ve toprak b\u00fct\u00fcnl\u00fc\u011f\u00fcne sayg\u0131 g\u00f6sterilmesinin \u00f6nemini vurgulayarak, g\u00fcvenlik ve istikrar\u0131n b\u00f6lgenin istikrar\u0131n\u0131n ve b\u00f6lgesel ve uluslararas\u0131 bar\u0131\u015f ve g\u00fcvenli\u011fin korunmas\u0131n\u0131n temel dayana\u011f\u0131 oldu\u011funu g\u00f6z \u00f6n\u00fcnde bulundurdu.<\/p>\n","protected":false},"excerpt":{"rendered":"<p>R\u0130YAD (SANA) \u2013 K\u00f6rfez \u0130\u015fbirli\u011fi Konseyi Genel Sekreteri Cassim Muhammed El Budavi, \u0130srail i\u015fgal g\u00fc\u00e7lerinin Dara&#8217;n\u0131n bat\u0131s\u0131ndaki Koya kasabas\u0131na y\u00f6nelik sald\u0131rganl\u0131\u011f\u0131n\u0131 g\u00fc\u00e7l\u00fc bir \u015fekilde k\u0131nad\u0131\u011f\u0131n\u0131 ve k\u0131nad\u0131\u011f\u0131n\u0131 ifade etti. Konseyin Genel Sekreterli\u011fi internet sitesinde El Badavi&#8217;nin \u015fu ifadelerine yer verildi: &#8220;\u0130srail i\u015fgal g\u00fc\u00e7lerinin bu sald\u0131rganl\u0131klar\u0131, b\u00f6lgedeki g\u00fcvenlik ve istikrar\u0131 istikrars\u0131zla\u015ft\u0131rmaya y\u00f6nelik sald\u0131rgan yakla\u015f\u0131m\u0131n\u0131n bir devam\u0131 &hellip;<\/p>\n","protected":false},"author":39,"featured_media":317687,"comment_status":"closed","ping_status":"closed","sticky":false,"template":"","format":"standard","meta":{"footnotes":""},"categories":[458,589,459,17988],"tags":[],"class_list":["post-317686","post","type-post","status-publish","format-standard","has-post-thumbnail","","category-dunya1","category-haber-seridi","category-haberler-arap-uluslararasi-politika","category-son-haberler"],"_links":{"self":[{"href":"https:\/\/archive.sana.sy\/tr\/index.php?rest_route=\/wp\/v2\/posts\/317686","targetHints":{"allow":["GET"]}}],"collection":[{"href":"https:\/\/archive.sana.sy\/tr\/index.php?rest_route=\/wp\/v2\/posts"}],"about":[{"href":"https:\/\/archive.sana.sy\/tr\/index.php?rest_route=\/wp\/v2\/types\/post"}],"author":[{"embeddable":true,"href":"https:\/\/archive.sana.sy\/tr\/index.php?rest_route=\/wp\/v2\/users\/39"}],"replies":[{"embeddable":true,"href":"https:\/\/archive.sana.sy\/tr\/index.php?rest_route=%2Fwp%2Fv2%2Fcomments&post=317686"}],"version-history":[{"count":4,"href":"https:\/\/archive.sana.sy\/tr\/index.php?rest_route=\/wp\/v2\/posts\/317686\/revisions"}],"predecessor-version":[{"id":317695,"href":"https:\/\/archive.sana.sy\/tr\/index.php?rest_route=\/wp\/v2\/posts\/317686\/revisions\/317695"}],"wp:featuredmedia":[{"embeddable":true,"href":"https:\/\/archive.sana.sy\/tr\/index.php?rest_route=\/wp\/v2\/media\/317687"}],"wp:attachment":[{"href":"https:\/\/archive.sana.sy\/tr\/index.php?rest_route=%2Fwp%2Fv2%2Fmedia&parent=317686"}],"wp:term":[{"taxonomy":"category","embeddable":true,"href":"https:\/\/archive.sana.sy\/tr\/index.php?rest_route=%2Fwp%2Fv2%2Fcategories&post=317686"},{"taxonomy":"post_tag","embeddable":true,"href":"https:\/\/archive.sana.sy\/tr\/index.php?rest_route=%2Fwp%2Fv2%2Ftags&post=317686"}],"curies":[{"name":"wp","href":"https:\/\/api.w.org\/{rel}","templated":true}]}}