{"id":317700,"date":"2025-03-26T14:49:52","date_gmt":"2025-03-26T11:49:52","guid":{"rendered":"https:\/\/sana.sy\/tr\/?p=317700"},"modified":"2025-03-26T14:49:52","modified_gmt":"2025-03-26T11:49:52","slug":"bm-yetkilisi-uluslararasi-toplumun-suriyenin-yeniden-insasina-yardimci-olmak-icin-hizla-harekete-gecmesi-gerekiyor","status":"publish","type":"post","link":"https:\/\/archive.sana.sy\/tr\/?p=317700","title":{"rendered":"BM Yetkilisi: Uluslararas\u0131 Toplumun Suriye&#8217;nin Yeniden \u0130n\u015fas\u0131na Yard\u0131mc\u0131 Olmak \u0130\u00e7in H\u0131zla Harekete Ge\u00e7mesi Gerekiyor"},"content":{"rendered":"<p style=\"text-align: justify;\"><span style=\"color: #800000;\"><strong>NEW YORK (SANA)<\/strong><\/span> &#8211; BM \u0130nsani \u0130\u015fler ve Acil Durum Yard\u0131mlar\u0131ndan Sorumlu Genel Sekreter Yard\u0131mc\u0131s\u0131 Tom Fletcher, uluslararas\u0131 toplumu Suriye&#8217;nin yeniden in\u015fas\u0131 ve kalk\u0131nmas\u0131na yat\u0131r\u0131m yapmak i\u00e7in acilen harekete ge\u00e7meye \u00e7a\u011f\u0131rarak, temel hizmetlerin kapsam\u0131n\u0131n geni\u015fletilmesinin, yerinden edilmi\u015f Suriyelilerin \u00fclkelerine d\u00f6n\u00fc\u015flerini kolayla\u015ft\u0131rmada \u00f6nemli bir unsur olaca\u011f\u0131n\u0131 vurgulad\u0131.<\/p>\n<p style=\"text-align: justify;\">OCHA&#8217;n\u0131n haberine g\u00f6re, Fletcher, G\u00fcvenlik Konseyi&#8217;nin Suriye konulu oturumunda verdi\u011fi brifingde, Suriye&#8217;nin toparlanmas\u0131 ve yeniden in\u015fas\u0131na destek olmak i\u00e7in uluslararas\u0131 \u00e7abalar\u0131n yo\u011funla\u015ft\u0131r\u0131lmas\u0131 gerekti\u011fini vurgulayarak, \u00fclkenin kritik bir s\u00fcre\u00e7ten ge\u00e7ti\u011fini, h\u0131zl\u0131 ve etkili bir yan\u0131t verilmesi gerekti\u011fini kaydetti.<\/p>\n<p style=\"text-align: justify;\">BM yetkilisi ayr\u0131ca, Suriye&#8217;de BM&#8217;nin yakla\u015f\u0131m\u0131n\u0131 desteklemeyle ilgili d\u00f6rt temel noktay\u0131 vurgulad\u0131: insani m\u00fcdahale, finansman, sivil koruma ve yeniden yap\u0131lanmaya yat\u0131r\u0131m.<\/p>\n<p style=\"text-align: justify;\">Yetkili bu ba\u011flamda Suriye h\u00fck\u00fcmetinin yard\u0131m prosed\u00fcrlerini ve Birle\u015fmi\u015f Milletlerle i\u015f birli\u011fini basitle\u015ftirmek i\u00e7in ald\u0131\u011f\u0131 tedbirlere dikkat \u00e7ekerken, Bat\u0131&#8217;n\u0131n Suriye&#8217;ye uygulad\u0131\u011f\u0131 yapt\u0131r\u0131m ve k\u0131s\u0131tlamalar\u0131n yeniden yap\u0131lanma s\u00fcrecini engelledi\u011fine i\u015faret etti.<\/p>\n","protected":false},"excerpt":{"rendered":"<p>NEW YORK (SANA) &#8211; BM \u0130nsani \u0130\u015fler ve Acil Durum Yard\u0131mlar\u0131ndan Sorumlu Genel Sekreter Yard\u0131mc\u0131s\u0131 Tom Fletcher, uluslararas\u0131 toplumu Suriye&#8217;nin yeniden in\u015fas\u0131 ve kalk\u0131nmas\u0131na yat\u0131r\u0131m yapmak i\u00e7in acilen harekete ge\u00e7meye \u00e7a\u011f\u0131rarak, temel hizmetlerin kapsam\u0131n\u0131n geni\u015fletilmesinin, yerinden edilmi\u015f Suriyelilerin \u00fclkelerine d\u00f6n\u00fc\u015flerini kolayla\u015ft\u0131rmada \u00f6nemli bir unsur olaca\u011f\u0131n\u0131 vurgulad\u0131. OCHA&#8217;n\u0131n haberine g\u00f6re, Fletcher, G\u00fcvenlik Konseyi&#8217;nin Suriye konulu oturumunda &hellip;<\/p>\n","protected":false},"author":41,"featured_media":317701,"comment_status":"closed","ping_status":"closed","sticky":false,"template":"","format":"standard","meta":{"footnotes":""},"categories":[458,589,459,17988],"tags":[43605],"class_list":["post-317700","post","type-post","status-publish","format-standard","has-post-thumbnail","","category-dunya1","category-haber-seridi","category-haberler-arap-uluslararasi-politika","category-son-haberler","tag-bm-yetkilisi-uluslararasi-toplumun-suriyenin-yeniden-insasina-yardimci-olmak-icin-hizla-harekete-gecmesi-gerekiyor"],"_links":{"self":[{"href":"https:\/\/archive.sana.sy\/tr\/index.php?rest_route=\/wp\/v2\/posts\/317700","targetHints":{"allow":["GET"]}}],"collection":[{"href":"https:\/\/archive.sana.sy\/tr\/index.php?rest_route=\/wp\/v2\/posts"}],"about":[{"href":"https:\/\/archive.sana.sy\/tr\/index.php?rest_route=\/wp\/v2\/types\/post"}],"author":[{"embeddable":true,"href":"https:\/\/archive.sana.sy\/tr\/index.php?rest_route=\/wp\/v2\/users\/41"}],"replies":[{"embeddable":true,"href":"https:\/\/archive.sana.sy\/tr\/index.php?rest_route=%2Fwp%2Fv2%2Fcomments&post=317700"}],"version-history":[{"count":1,"href":"https:\/\/archive.sana.sy\/tr\/index.php?rest_route=\/wp\/v2\/posts\/317700\/revisions"}],"predecessor-version":[{"id":317702,"href":"https:\/\/archive.sana.sy\/tr\/index.php?rest_route=\/wp\/v2\/posts\/317700\/revisions\/317702"}],"wp:featuredmedia":[{"embeddable":true,"href":"https:\/\/archive.sana.sy\/tr\/index.php?rest_route=\/wp\/v2\/media\/317701"}],"wp:attachment":[{"href":"https:\/\/archive.sana.sy\/tr\/index.php?rest_route=%2Fwp%2Fv2%2Fmedia&parent=317700"}],"wp:term":[{"taxonomy":"category","embeddable":true,"href":"https:\/\/archive.sana.sy\/tr\/index.php?rest_route=%2Fwp%2Fv2%2Fcategories&post=317700"},{"taxonomy":"post_tag","embeddable":true,"href":"https:\/\/archive.sana.sy\/tr\/index.php?rest_route=%2Fwp%2Fv2%2Ftags&post=317700"}],"curies":[{"name":"wp","href":"https:\/\/api.w.org\/{rel}","templated":true}]}}