{"id":317703,"date":"2025-03-26T15:10:51","date_gmt":"2025-03-26T12:10:51","guid":{"rendered":"https:\/\/sana.sy\/tr\/?p=317703"},"modified":"2025-03-26T15:10:51","modified_gmt":"2025-03-26T12:10:51","slug":"arap-parlamentosu-uluslararasi-sessizlik-isgalci-israilin-suriyeye-yonelik-saldirganliklarini-surdurmesini-tesvik-ediyor","status":"publish","type":"post","link":"https:\/\/archive.sana.sy\/tr\/?p=317703","title":{"rendered":"Arap Parlamentosu: Uluslararas\u0131 Sessizlik, \u0130\u015fgalci \u0130srail\u2019in Suriye&#8217;ye Y\u00f6nelik Sald\u0131rganl\u0131klar\u0131n\u0131 S\u00fcrd\u00fcrmesini Te\u015fvik Ediyor"},"content":{"rendered":"<p style=\"text-align: justify;\"><span style=\"color: #800000;\"><strong>KAH\u0130RE (SANA)<\/strong><\/span> &#8211;\u00a0 Arap Parlamentosu, onlarca masum sivilin \u015fehit \u015fehit d\u00fc\u015fmesine ve yaralanmas\u0131na yol a\u00e7an \u00a0\u0130srail i\u015fgal g\u00fc\u00e7lerinin Dera ili k\u0131rsal\u0131ndaki Koya kasabas\u0131n\u0131 bombalamas\u0131n\u0131 k\u0131nad\u0131.<\/p>\n<p style=\"text-align: justify;\">Parlamento bug\u00fcn resmi internet sitesinde yay\u0131mlanan bildiride \u015fu ifadelere yer verdi: \u2018\u2019Bu t\u00fcr sald\u0131rganl\u0131klar\u0131n hesap sorulmadan ve uluslararas\u0131 toplumun sessizli\u011fi g\u00f6z \u00f6n\u00fcne al\u0131nd\u0131\u011f\u0131nda devam etmesi, \u0130srail i\u015fgal \u00f6rg\u00fct\u00fcn\u00fcn ihlallerini s\u00fcrd\u00fcrmesini te\u015fvik ediyor. Bu durum Suriye&#8217;nin egemenli\u011finin a\u00e7\u0131k bir ihlali olup, Suriye&#8217;nin ve b\u00f6lgenin g\u00fcvenli\u011fini ve istikrar\u0131n\u0131 zedeliyor.\u2019\u2019<\/p>\n<p style=\"text-align: justify;\">Arap Parlamentosu ayre\u0131ca, BM G\u00fcvenlik Konseyi ve uluslararas\u0131 toplumda etkin \u00fclkeleri, bu ihlalleri durdurma ve i\u015fgalci g\u00fc\u00e7lerden hesap sorma konusunda sorumluluklar\u0131n\u0131 \u00fcstlenmeye \u00e7a\u011f\u0131rarak, bu barbarca sald\u0131rganl\u0131klar kar\u015f\u0131s\u0131nda Suriye Arap Cumhuriyeti&#8217;yle tam dayan\u0131\u015fma i\u00e7inde oldu\u011funu, onun g\u00fcvenli\u011fini, egemenli\u011fini ve toprak b\u00fct\u00fcnl\u00fc\u011f\u00fcn\u00fc koruma hakk\u0131n\u0131 savundu\u011funu ve halk\u0131n\u0131n g\u00fcvenlik ve istikrara ula\u015fma \u00f6zlemlerini destekledi\u011fini belirtti.<\/p>\n","protected":false},"excerpt":{"rendered":"<p>KAH\u0130RE (SANA) &#8211;\u00a0 Arap Parlamentosu, onlarca masum sivilin \u015fehit \u015fehit d\u00fc\u015fmesine ve yaralanmas\u0131na yol a\u00e7an \u00a0\u0130srail i\u015fgal g\u00fc\u00e7lerinin Dera ili k\u0131rsal\u0131ndaki Koya kasabas\u0131n\u0131 bombalamas\u0131n\u0131 k\u0131nad\u0131. Parlamento bug\u00fcn resmi internet sitesinde yay\u0131mlanan bildiride \u015fu ifadelere yer verdi: \u2018\u2019Bu t\u00fcr sald\u0131rganl\u0131klar\u0131n hesap sorulmadan ve uluslararas\u0131 toplumun sessizli\u011fi g\u00f6z \u00f6n\u00fcne al\u0131nd\u0131\u011f\u0131nda devam etmesi, \u0130srail i\u015fgal \u00f6rg\u00fct\u00fcn\u00fcn ihlallerini s\u00fcrd\u00fcrmesini &hellip;<\/p>\n","protected":false},"author":41,"featured_media":317704,"comment_status":"closed","ping_status":"closed","sticky":false,"template":"","format":"standard","meta":{"footnotes":""},"categories":[458,589,459,17988],"tags":[43606,43607],"class_list":["post-317703","post","type-post","status-publish","format-standard","has-post-thumbnail","","category-dunya1","category-haber-seridi","category-haberler-arap-uluslararasi-politika","category-son-haberler","tag-arap-parlamentosu-uluslararasi-sessizlik","tag-isgalci-israilin-suriyeye-yonelik-saldirganliklarini-surdurmesini-tesvik-ediyor"],"_links":{"self":[{"href":"https:\/\/archive.sana.sy\/tr\/index.php?rest_route=\/wp\/v2\/posts\/317703","targetHints":{"allow":["GET"]}}],"collection":[{"href":"https:\/\/archive.sana.sy\/tr\/index.php?rest_route=\/wp\/v2\/posts"}],"about":[{"href":"https:\/\/archive.sana.sy\/tr\/index.php?rest_route=\/wp\/v2\/types\/post"}],"author":[{"embeddable":true,"href":"https:\/\/archive.sana.sy\/tr\/index.php?rest_route=\/wp\/v2\/users\/41"}],"replies":[{"embeddable":true,"href":"https:\/\/archive.sana.sy\/tr\/index.php?rest_route=%2Fwp%2Fv2%2Fcomments&post=317703"}],"version-history":[{"count":1,"href":"https:\/\/archive.sana.sy\/tr\/index.php?rest_route=\/wp\/v2\/posts\/317703\/revisions"}],"predecessor-version":[{"id":317705,"href":"https:\/\/archive.sana.sy\/tr\/index.php?rest_route=\/wp\/v2\/posts\/317703\/revisions\/317705"}],"wp:featuredmedia":[{"embeddable":true,"href":"https:\/\/archive.sana.sy\/tr\/index.php?rest_route=\/wp\/v2\/media\/317704"}],"wp:attachment":[{"href":"https:\/\/archive.sana.sy\/tr\/index.php?rest_route=%2Fwp%2Fv2%2Fmedia&parent=317703"}],"wp:term":[{"taxonomy":"category","embeddable":true,"href":"https:\/\/archive.sana.sy\/tr\/index.php?rest_route=%2Fwp%2Fv2%2Fcategories&post=317703"},{"taxonomy":"post_tag","embeddable":true,"href":"https:\/\/archive.sana.sy\/tr\/index.php?rest_route=%2Fwp%2Fv2%2Ftags&post=317703"}],"curies":[{"name":"wp","href":"https:\/\/api.w.org\/{rel}","templated":true}]}}