{"id":317707,"date":"2025-03-26T16:31:38","date_gmt":"2025-03-26T13:31:38","guid":{"rendered":"https:\/\/sana.sy\/tr\/?p=317707"},"modified":"2025-03-26T17:26:35","modified_gmt":"2025-03-26T14:26:35","slug":"icisleri-bakanligi-devrik-rejim-doneminde-el-tadamun-mahallesinde-gorev-yapan-bir-askeri-lider-ve-askeri-guvenlik-kolu-mensubu-tutuklandi","status":"publish","type":"post","link":"https:\/\/archive.sana.sy\/tr\/?p=317707","title":{"rendered":"\u0130\u00e7i\u015fleri Bakanl\u0131\u011f\u0131: Devrik Rejim D\u00f6neminde El Tadamun Mahallesinde G\u00f6rev Yapan Bir Askeri Komutan Ve Askeri G\u00fcvenlik Kolu Mensubu Tutukland\u0131"},"content":{"rendered":"<p style=\"text-align: justify;\"><span style=\"color: #800000;\"><strong>\u015eAM (SANA)<\/strong> <\/span>&#8211;\u00a0\u0130\u00e7i\u015fleri Bakanl\u0131\u011f\u0131, \u015eam Kamu G\u00fcvenlik M\u00fcd\u00fcrl\u00fc\u011f\u00fc&#8217;n\u00fcn, devrik rejim d\u00f6neminde \u015eam&#8217;\u0131n Tadamun semtinde askeri komutan ve askeri g\u00fcvenlik kolu \u00fcyesi olan Mahir Ziyad Hadid&#8217;i tutuklad\u0131\u011f\u0131n\u0131 duyurdu.<\/p>\n<p style=\"text-align: justify;\">Bakanl\u0131k, Hadid&#8217;in mahalledeki sivillerin \u00f6ld\u00fcr\u00fclmesi, tutuklanmas\u0131 ve kaybolmas\u0131 su\u00e7lar\u0131na kar\u0131\u015ft\u0131\u011f\u0131n\u0131 belirterek, gerekli yasal i\u015flemlerin tamamlanmas\u0131 i\u00e7in yetkili yarg\u0131 organ\u0131na sevk edilece\u011fini bildirdi.<\/p>\n","protected":false},"excerpt":{"rendered":"<p>\u015eAM (SANA) &#8211;\u00a0\u0130\u00e7i\u015fleri Bakanl\u0131\u011f\u0131, \u015eam Kamu G\u00fcvenlik M\u00fcd\u00fcrl\u00fc\u011f\u00fc&#8217;n\u00fcn, devrik rejim d\u00f6neminde \u015eam&#8217;\u0131n Tadamun semtinde askeri komutan ve askeri g\u00fcvenlik kolu \u00fcyesi olan Mahir Ziyad Hadid&#8217;i tutuklad\u0131\u011f\u0131n\u0131 duyurdu. Bakanl\u0131k, Hadid&#8217;in mahalledeki sivillerin \u00f6ld\u00fcr\u00fclmesi, tutuklanmas\u0131 ve kaybolmas\u0131 su\u00e7lar\u0131na kar\u0131\u015ft\u0131\u011f\u0131n\u0131 belirterek, gerekli yasal i\u015flemlerin tamamlanmas\u0131 i\u00e7in yetkili yarg\u0131 organ\u0131na sevk edilece\u011fini bildirdi.<\/p>\n","protected":false},"author":41,"featured_media":317708,"comment_status":"closed","ping_status":"closed","sticky":false,"template":"","format":"standard","meta":{"footnotes":""},"categories":[589,575,17988],"tags":[],"class_list":["post-317707","post","type-post","status-publish","format-standard","has-post-thumbnail","","category-haber-seridi","category-olaylar-ve-gercekler","category-son-haberler"],"_links":{"self":[{"href":"https:\/\/archive.sana.sy\/tr\/index.php?rest_route=\/wp\/v2\/posts\/317707","targetHints":{"allow":["GET"]}}],"collection":[{"href":"https:\/\/archive.sana.sy\/tr\/index.php?rest_route=\/wp\/v2\/posts"}],"about":[{"href":"https:\/\/archive.sana.sy\/tr\/index.php?rest_route=\/wp\/v2\/types\/post"}],"author":[{"embeddable":true,"href":"https:\/\/archive.sana.sy\/tr\/index.php?rest_route=\/wp\/v2\/users\/41"}],"replies":[{"embeddable":true,"href":"https:\/\/archive.sana.sy\/tr\/index.php?rest_route=%2Fwp%2Fv2%2Fcomments&post=317707"}],"version-history":[{"count":2,"href":"https:\/\/archive.sana.sy\/tr\/index.php?rest_route=\/wp\/v2\/posts\/317707\/revisions"}],"predecessor-version":[{"id":317716,"href":"https:\/\/archive.sana.sy\/tr\/index.php?rest_route=\/wp\/v2\/posts\/317707\/revisions\/317716"}],"wp:featuredmedia":[{"embeddable":true,"href":"https:\/\/archive.sana.sy\/tr\/index.php?rest_route=\/wp\/v2\/media\/317708"}],"wp:attachment":[{"href":"https:\/\/archive.sana.sy\/tr\/index.php?rest_route=%2Fwp%2Fv2%2Fmedia&parent=317707"}],"wp:term":[{"taxonomy":"category","embeddable":true,"href":"https:\/\/archive.sana.sy\/tr\/index.php?rest_route=%2Fwp%2Fv2%2Fcategories&post=317707"},{"taxonomy":"post_tag","embeddable":true,"href":"https:\/\/archive.sana.sy\/tr\/index.php?rest_route=%2Fwp%2Fv2%2Ftags&post=317707"}],"curies":[{"name":"wp","href":"https:\/\/api.w.org\/{rel}","templated":true}]}}