{"id":318065,"date":"2025-04-03T10:09:43","date_gmt":"2025-04-03T07:09:43","guid":{"rendered":"https:\/\/sana.sy\/tr\/?p=318065"},"modified":"2025-04-06T10:02:28","modified_gmt":"2025-04-06T07:02:28","slug":"israil-isgal-guclerinin-deranin-batisindaki-el-cebiyliye-baraji-ormanini-bombalamasi-sonucu-9-sivil-sehit-dustu-cok-sayida-sivil-yaralandi","status":"publish","type":"post","link":"https:\/\/archive.sana.sy\/tr\/?p=318065","title":{"rendered":"\u0130srail \u0130\u015fgal G\u00fc\u00e7lerinin Dera&#8217;n\u0131n Bat\u0131s\u0131ndaki El Cebiyliye Baraj\u0131 Orman\u0131n\u0131 Bombalamas\u0131 Sonucu 9 Sivil \u015eehit D\u00fc\u015ft\u00fc, \u00c7ok Say\u0131da Sivil Yaraland\u0131"},"content":{"rendered":"<p style=\"text-align: justify;\"><span style=\"color: #800000;\"><strong>DERA <\/strong><strong>(SANA)<\/strong> &#8211;<\/span>\u00a0 \u0130srail i\u015fgal g\u00fc\u00e7lerinin, Dera&#8217;n\u0131n bat\u0131s\u0131ndaki Nava kenti ile Tasil beldesi aras\u0131nda bulunan El Cebiliye Baraj\u0131 orman\u0131na d\u00fcn gece d\u00fczenledi\u011fi top at\u0131\u015flar\u0131 sonucu dokuz sivil \u015fehit d\u00fc\u015ft\u00fc, \u00e7ok say\u0131da sivil yaraland\u0131.<\/p>\n<p style=\"text-align: justify;\">Dera Valili\u011fi, Telegram kanal\u0131ndan yay\u0131mlad\u0131\u011f\u0131 a\u00e7\u0131klamada, &#8221;\u0130srail i\u015fgal g\u00fc\u00e7lerinin El Cebiliye Baraj\u0131 orman\u0131n\u0131 bombalamas\u0131 sonucu ilk belirlemelere g\u00f6re 9 sivil \u015fehit d\u00fc\u015ft\u00fc, \u00e7ok say\u0131da sivil de yaraland\u0131&#8221; diyerek, \u0130\u015fgal g\u00fc\u00e7lerinin ilk kez b\u00f6lgeye bu kadar derinlemesine n\u00fcfuz etmesinden dolay\u0131, bu katliam\u0131n ard\u0131ndan kamuoyunda yayg\u0131n bir seferberlik ve \u00f6fke olu\u015ftu\u011funu belirtti.<\/p>\n","protected":false},"excerpt":{"rendered":"<p>DERA (SANA) &#8211;\u00a0 \u0130srail i\u015fgal g\u00fc\u00e7lerinin, Dera&#8217;n\u0131n bat\u0131s\u0131ndaki Nava kenti ile Tasil beldesi aras\u0131nda bulunan El Cebiliye Baraj\u0131 orman\u0131na d\u00fcn gece d\u00fczenledi\u011fi top at\u0131\u015flar\u0131 sonucu dokuz sivil \u015fehit d\u00fc\u015ft\u00fc, \u00e7ok say\u0131da sivil yaraland\u0131. Dera Valili\u011fi, Telegram kanal\u0131ndan yay\u0131mlad\u0131\u011f\u0131 a\u00e7\u0131klamada, &#8221;\u0130srail i\u015fgal g\u00fc\u00e7lerinin El Cebiliye Baraj\u0131 orman\u0131n\u0131 bombalamas\u0131 sonucu ilk belirlemelere g\u00f6re 9 sivil \u015fehit d\u00fc\u015ft\u00fc, &hellip;<\/p>\n","protected":false},"author":41,"featured_media":318066,"comment_status":"closed","ping_status":"closed","sticky":false,"template":"","format":"standard","meta":{"footnotes":""},"categories":[589,479,478],"tags":[],"class_list":["post-318065","post","type-post","status-publish","format-standard","has-post-thumbnail","","category-haber-seridi","category-haberler-yerel","category-yerel"],"_links":{"self":[{"href":"https:\/\/archive.sana.sy\/tr\/index.php?rest_route=\/wp\/v2\/posts\/318065","targetHints":{"allow":["GET"]}}],"collection":[{"href":"https:\/\/archive.sana.sy\/tr\/index.php?rest_route=\/wp\/v2\/posts"}],"about":[{"href":"https:\/\/archive.sana.sy\/tr\/index.php?rest_route=\/wp\/v2\/types\/post"}],"author":[{"embeddable":true,"href":"https:\/\/archive.sana.sy\/tr\/index.php?rest_route=\/wp\/v2\/users\/41"}],"replies":[{"embeddable":true,"href":"https:\/\/archive.sana.sy\/tr\/index.php?rest_route=%2Fwp%2Fv2%2Fcomments&post=318065"}],"version-history":[{"count":2,"href":"https:\/\/archive.sana.sy\/tr\/index.php?rest_route=\/wp\/v2\/posts\/318065\/revisions"}],"predecessor-version":[{"id":318093,"href":"https:\/\/archive.sana.sy\/tr\/index.php?rest_route=\/wp\/v2\/posts\/318065\/revisions\/318093"}],"wp:featuredmedia":[{"embeddable":true,"href":"https:\/\/archive.sana.sy\/tr\/index.php?rest_route=\/wp\/v2\/media\/318066"}],"wp:attachment":[{"href":"https:\/\/archive.sana.sy\/tr\/index.php?rest_route=%2Fwp%2Fv2%2Fmedia&parent=318065"}],"wp:term":[{"taxonomy":"category","embeddable":true,"href":"https:\/\/archive.sana.sy\/tr\/index.php?rest_route=%2Fwp%2Fv2%2Fcategories&post=318065"},{"taxonomy":"post_tag","embeddable":true,"href":"https:\/\/archive.sana.sy\/tr\/index.php?rest_route=%2Fwp%2Fv2%2Ftags&post=318065"}],"curies":[{"name":"wp","href":"https:\/\/api.w.org\/{rel}","templated":true}]}}