{"id":318085,"date":"2025-04-03T14:39:23","date_gmt":"2025-04-03T11:39:23","guid":{"rendered":"https:\/\/sana.sy\/tr\/?p=318085"},"modified":"2025-04-03T14:39:23","modified_gmt":"2025-04-03T11:39:23","slug":"dera-israil-isgal-guclerinin-el-cebiliye-baraji-ormanlarini-bombalamasi-sonucu-sehit-dusenlerin-cenaze-toreni-duzenlendi","status":"publish","type":"post","link":"https:\/\/archive.sana.sy\/tr\/?p=318085","title":{"rendered":"Dera \u2026 \u0130srail \u0130\u015fgal G\u00fc\u00e7lerinin El Cebiliye Baraj\u0131 Ormanlar\u0131n\u0131 Bombalamas\u0131 Sonucu \u015eehit D\u00fc\u015fenlerin Cenaze T\u00f6reni D\u00fczenlendi"},"content":{"rendered":"<p style=\"text-align: justify;\"><span style=\"color: #800000;\"><strong>DERA (SANA)<\/strong> <\/span>&#8211; \u0130srail i\u015fgal g\u00fc\u00e7lerinin, Dera&#8217;n\u0131n bat\u0131s\u0131ndaki Nevva kenti ile Tasil kasabas\u0131 aras\u0131nda bulunan El Cebiliye Baraj\u0131 orman\u0131n\u0131 bombalamas\u0131 sonucu d\u00fcn gece \u015fehit d\u00fc\u015fen Dera \u015fehitlerinin cenaze t\u00f6reni d\u00fczenlendi.<\/p>\n<div id='gallery-1' class='gallery galleryid-318085 gallery-columns-1 gallery-size-full'><figure class='gallery-item'>\n\t\t\t<div class='gallery-icon landscape'>\n\t\t\t\t<a href='https:\/\/archive.sana.sy\/tr\/?attachment_id=318086'><img loading=\"lazy\" decoding=\"async\" width=\"660\" height=\"439\" src=\"https:\/\/archive.sana.sy\/tr\/wp-content\/uploads\/2025\/04\/11111112.jpg\" class=\"attachment-full size-full\" alt=\"\" srcset=\"https:\/\/archive.sana.sy\/tr\/wp-content\/uploads\/2025\/04\/11111112.jpg 660w, https:\/\/archive.sana.sy\/tr\/wp-content\/uploads\/2025\/04\/11111112-300x200.jpg 300w, https:\/\/archive.sana.sy\/tr\/wp-content\/uploads\/2025\/04\/11111112-310x205.jpg 310w\" sizes=\"auto, (max-width: 660px) 100vw, 660px\" \/><\/a>\n\t\t\t<\/div><\/figure><figure class='gallery-item'>\n\t\t\t<div class='gallery-icon landscape'>\n\t\t\t\t<a href='https:\/\/archive.sana.sy\/tr\/?attachment_id=318087'><img loading=\"lazy\" decoding=\"async\" width=\"660\" height=\"437\" src=\"https:\/\/archive.sana.sy\/tr\/wp-content\/uploads\/2025\/04\/222222222222.jpg\" class=\"attachment-full size-full\" alt=\"\" srcset=\"https:\/\/archive.sana.sy\/tr\/wp-content\/uploads\/2025\/04\/222222222222.jpg 660w, https:\/\/archive.sana.sy\/tr\/wp-content\/uploads\/2025\/04\/222222222222-300x199.jpg 300w, https:\/\/archive.sana.sy\/tr\/wp-content\/uploads\/2025\/04\/222222222222-310x205.jpg 310w\" sizes=\"auto, (max-width: 660px) 100vw, 660px\" \/><\/a>\n\t\t\t<\/div><\/figure><figure class='gallery-item'>\n\t\t\t<div class='gallery-icon landscape'>\n\t\t\t\t<a href='https:\/\/archive.sana.sy\/tr\/?attachment_id=318088'><img loading=\"lazy\" decoding=\"async\" width=\"660\" height=\"438\" src=\"https:\/\/archive.sana.sy\/tr\/wp-content\/uploads\/2025\/04\/333333333333.jpg\" class=\"attachment-full size-full\" alt=\"\" srcset=\"https:\/\/archive.sana.sy\/tr\/wp-content\/uploads\/2025\/04\/333333333333.jpg 660w, https:\/\/archive.sana.sy\/tr\/wp-content\/uploads\/2025\/04\/333333333333-300x199.jpg 300w, https:\/\/archive.sana.sy\/tr\/wp-content\/uploads\/2025\/04\/333333333333-310x205.jpg 310w\" sizes=\"auto, (max-width: 660px) 100vw, 660px\" \/><\/a>\n\t\t\t<\/div><\/figure>\n\t\t<\/div>\n\n","protected":false},"excerpt":{"rendered":"<p>DERA (SANA) &#8211; \u0130srail i\u015fgal g\u00fc\u00e7lerinin, Dera&#8217;n\u0131n bat\u0131s\u0131ndaki Nevva kenti ile Tasil kasabas\u0131 aras\u0131nda bulunan El Cebiliye Baraj\u0131 orman\u0131n\u0131 bombalamas\u0131 sonucu d\u00fcn gece \u015fehit d\u00fc\u015fen Dera \u015fehitlerinin cenaze t\u00f6reni d\u00fczenlendi.<\/p>\n","protected":false},"author":39,"featured_media":0,"comment_status":"closed","ping_status":"closed","sticky":false,"template":"","format":"standard","meta":{"footnotes":""},"categories":[1],"tags":[],"class_list":["post-318085","post","type-post","status-publish","format-standard","","category-news-not-sorted"],"_links":{"self":[{"href":"https:\/\/archive.sana.sy\/tr\/index.php?rest_route=\/wp\/v2\/posts\/318085","targetHints":{"allow":["GET"]}}],"collection":[{"href":"https:\/\/archive.sana.sy\/tr\/index.php?rest_route=\/wp\/v2\/posts"}],"about":[{"href":"https:\/\/archive.sana.sy\/tr\/index.php?rest_route=\/wp\/v2\/types\/post"}],"author":[{"embeddable":true,"href":"https:\/\/archive.sana.sy\/tr\/index.php?rest_route=\/wp\/v2\/users\/39"}],"replies":[{"embeddable":true,"href":"https:\/\/archive.sana.sy\/tr\/index.php?rest_route=%2Fwp%2Fv2%2Fcomments&post=318085"}],"version-history":[{"count":1,"href":"https:\/\/archive.sana.sy\/tr\/index.php?rest_route=\/wp\/v2\/posts\/318085\/revisions"}],"predecessor-version":[{"id":318089,"href":"https:\/\/archive.sana.sy\/tr\/index.php?rest_route=\/wp\/v2\/posts\/318085\/revisions\/318089"}],"wp:attachment":[{"href":"https:\/\/archive.sana.sy\/tr\/index.php?rest_route=%2Fwp%2Fv2%2Fmedia&parent=318085"}],"wp:term":[{"taxonomy":"category","embeddable":true,"href":"https:\/\/archive.sana.sy\/tr\/index.php?rest_route=%2Fwp%2Fv2%2Fcategories&post=318085"},{"taxonomy":"post_tag","embeddable":true,"href":"https:\/\/archive.sana.sy\/tr\/index.php?rest_route=%2Fwp%2Fv2%2Ftags&post=318085"}],"curies":[{"name":"wp","href":"https:\/\/api.w.org\/{rel}","templated":true}]}}