{"id":318090,"date":"2025-04-03T15:17:30","date_gmt":"2025-04-03T12:17:30","guid":{"rendered":"https:\/\/sana.sy\/tr\/?p=318090"},"modified":"2025-04-06T10:02:43","modified_gmt":"2025-04-06T07:02:43","slug":"misir-israilin-suriyeye-yonelik-saldirganliklari-uluslararasi-hukukun-acik-bir-ihlalidir","status":"publish","type":"post","link":"https:\/\/archive.sana.sy\/tr\/?p=318090","title":{"rendered":"M\u0131s\u0131r: \u0130srail&#8217;in Suriye&#8217;ye Y\u00f6nelik Sald\u0131rganl\u0131klar\u0131 Uluslararas\u0131 Hukukun A\u00e7\u0131k Bir \u0130hlalidir"},"content":{"rendered":"<p style=\"text-align: justify;\"><span style=\"color: #800000;\"><strong>KAH\u0130RE (SANA)<\/strong><\/span> &#8211; M\u0131s\u0131r, \u0130srail&#8217;in Suriye topraklar\u0131ndaki \u00e7e\u015fitli noktalara y\u00f6nelik son sald\u0131rganl\u0131klar\u0131 en sert \u015fekilde k\u0131nayarak, bunlar\u0131n uluslararas\u0131 hukukun a\u00e7\u0131k bir ihlali ve Suriye devletinin egemenli\u011fine, ba\u011f\u0131ms\u0131zl\u0131\u011f\u0131na ve toprak b\u00fct\u00fcnl\u00fc\u011f\u00fcne y\u00f6nelik a\u00e7\u0131k bir sld\u0131rganl\u0131k oldu\u011funu vurgulad\u0131.<\/p>\n<p style=\"text-align: justify;\">M\u0131s\u0131r D\u0131\u015fi\u015fleri Bakanl\u0131\u011f\u0131 bug\u00fcn resmi Facebook sayfas\u0131ndan yay\u0131mlad\u0131\u011f\u0131 a\u00e7\u0131klamada \u015funlar\u0131 s\u00f6yledi: \u2018\u2019M\u0131s\u0131r, uluslararas\u0131 akt\u00f6rleri, \u0130srail&#8217;in tekrarlanan ihlalleri konusunda sorumluluklar\u0131n\u0131 \u00fcstlenmeye, \u0130srail&#8217;i Suriye topraklar\u0131ndaki i\u015fgaline son vermeye zorlamaya ve 1974 \u00c7ekilme Anla\u015fmas\u0131&#8217;na sayg\u0131 g\u00f6stermeye \u00e7a\u011f\u0131r\u0131yor.\u2019\u2019<\/p>\n","protected":false},"excerpt":{"rendered":"<p>KAH\u0130RE (SANA) &#8211; M\u0131s\u0131r, \u0130srail&#8217;in Suriye topraklar\u0131ndaki \u00e7e\u015fitli noktalara y\u00f6nelik son sald\u0131rganl\u0131klar\u0131 en sert \u015fekilde k\u0131nayarak, bunlar\u0131n uluslararas\u0131 hukukun a\u00e7\u0131k bir ihlali ve Suriye devletinin egemenli\u011fine, ba\u011f\u0131ms\u0131zl\u0131\u011f\u0131na ve toprak b\u00fct\u00fcnl\u00fc\u011f\u00fcne y\u00f6nelik a\u00e7\u0131k bir sld\u0131rganl\u0131k oldu\u011funu vurgulad\u0131. M\u0131s\u0131r D\u0131\u015fi\u015fleri Bakanl\u0131\u011f\u0131 bug\u00fcn resmi Facebook sayfas\u0131ndan yay\u0131mlad\u0131\u011f\u0131 a\u00e7\u0131klamada \u015funlar\u0131 s\u00f6yledi: \u2018\u2019M\u0131s\u0131r, uluslararas\u0131 akt\u00f6rleri, \u0130srail&#8217;in tekrarlanan ihlalleri konusunda sorumluluklar\u0131n\u0131 &hellip;<\/p>\n","protected":false},"author":41,"featured_media":318091,"comment_status":"closed","ping_status":"closed","sticky":false,"template":"","format":"standard","meta":{"footnotes":""},"categories":[458,589,459,17988],"tags":[43651],"class_list":["post-318090","post","type-post","status-publish","format-standard","has-post-thumbnail","","category-dunya1","category-haber-seridi","category-haberler-arap-uluslararasi-politika","category-son-haberler","tag-misir-israilin-suriyeye-yonelik-saldirganliklari-uluslararasi-hukukun-acik-bir-ihlalidir"],"_links":{"self":[{"href":"https:\/\/archive.sana.sy\/tr\/index.php?rest_route=\/wp\/v2\/posts\/318090","targetHints":{"allow":["GET"]}}],"collection":[{"href":"https:\/\/archive.sana.sy\/tr\/index.php?rest_route=\/wp\/v2\/posts"}],"about":[{"href":"https:\/\/archive.sana.sy\/tr\/index.php?rest_route=\/wp\/v2\/types\/post"}],"author":[{"embeddable":true,"href":"https:\/\/archive.sana.sy\/tr\/index.php?rest_route=\/wp\/v2\/users\/41"}],"replies":[{"embeddable":true,"href":"https:\/\/archive.sana.sy\/tr\/index.php?rest_route=%2Fwp%2Fv2%2Fcomments&post=318090"}],"version-history":[{"count":1,"href":"https:\/\/archive.sana.sy\/tr\/index.php?rest_route=\/wp\/v2\/posts\/318090\/revisions"}],"predecessor-version":[{"id":318092,"href":"https:\/\/archive.sana.sy\/tr\/index.php?rest_route=\/wp\/v2\/posts\/318090\/revisions\/318092"}],"wp:featuredmedia":[{"embeddable":true,"href":"https:\/\/archive.sana.sy\/tr\/index.php?rest_route=\/wp\/v2\/media\/318091"}],"wp:attachment":[{"href":"https:\/\/archive.sana.sy\/tr\/index.php?rest_route=%2Fwp%2Fv2%2Fmedia&parent=318090"}],"wp:term":[{"taxonomy":"category","embeddable":true,"href":"https:\/\/archive.sana.sy\/tr\/index.php?rest_route=%2Fwp%2Fv2%2Fcategories&post=318090"},{"taxonomy":"post_tag","embeddable":true,"href":"https:\/\/archive.sana.sy\/tr\/index.php?rest_route=%2Fwp%2Fv2%2Ftags&post=318090"}],"curies":[{"name":"wp","href":"https:\/\/api.w.org\/{rel}","templated":true}]}}