{"id":318094,"date":"2025-04-03T15:29:57","date_gmt":"2025-04-03T12:29:57","guid":{"rendered":"https:\/\/sana.sy\/tr\/?p=318094"},"modified":"2025-04-06T10:02:49","modified_gmt":"2025-04-06T07:02:49","slug":"urdun-uluslararasi-toplumu-israilin-suriyeye-yonelik-saldirganliklari-durdurmasi-ve-topraklarinin-bir-kismindaki-isgaline-son-vermesi-yonunde-zorlamaya-cagirdi","status":"publish","type":"post","link":"https:\/\/archive.sana.sy\/tr\/?p=318094","title":{"rendered":"\u00dcrd\u00fcn, Uluslararas\u0131 Toplumu, \u0130srail&#8217;in Suriye&#8217;ye Y\u00f6nelik Sald\u0131rganl\u0131klar\u0131 Durdurmas\u0131 Ve Topraklar\u0131n\u0131n Bir K\u0131sm\u0131ndaki \u0130\u015fgaline Son Vermesi Y\u00f6n\u00fcnde Zorlamaya \u00c7a\u011f\u0131rd\u0131"},"content":{"rendered":"<p style=\"text-align: justify;\"><span style=\"color: #800000;\"><strong>AMMAN (SANA)<\/strong> <\/span>&#8211;\u00a0 \u00dcrd\u00fcn, \u0130srail&#8217;in Suriye&#8217;nin \u00e7e\u015fitli b\u00f6lgelerine y\u00f6nelik son d\u00f6nemdeki sald\u0131rganl\u0131klar\u0131n\u0131 en sert \u015fekilde k\u0131nayarak, uluslararas\u0131 toplumu, \u0130srail&#8217;in Suriye&#8217;ye y\u00f6nelik yasad\u0131\u015f\u0131 sald\u0131r\u0131lar\u0131n\u0131 durdurmas\u0131 ve topraklar\u0131n\u0131n bir k\u0131sm\u0131ndaki i\u015fgaline son vermesi y\u00f6n\u00fcnde zorlamaya \u00e7a\u011f\u0131rd\u0131.<\/p>\n<p style=\"text-align: justify;\">\u00dcrd\u00fcn D\u0131\u015fi\u015fleri Bakanl\u0131\u011f\u0131&#8217;n\u0131n resmi s\u00f6zc\u00fcs\u00fc B\u00fcy\u00fckel\u00e7i S\u00fcfyan El Kudat, Petra Haber Ajans\u0131&#8217;n\u0131n aktard\u0131\u011f\u0131na g\u00f6re bug\u00fcn yapt\u0131\u011f\u0131 a\u00e7\u0131klamada, bu sald\u0131rganl\u0131klar\u0131n uluslararas\u0131 hukukun a\u00e7\u0131k bir ihlali, Suriye&#8217;nin egemenli\u011fi ve birli\u011finin a\u00e7\u0131k\u00e7a ihlali oldu\u011funu ve b\u00f6lgede daha fazla \u00e7at\u0131\u015fma ve gerginli\u011fe yol a\u00e7acak tehlikeli bir t\u0131rman\u0131\u015fa yol a\u00e7t\u0131\u011f\u0131n\u0131 belirtti.<\/p>\n<p style=\"text-align: justify;\">B\u00fcy\u00fckel\u00e7i El Kudat, Krall\u0131\u011f\u0131n, \u0130srail&#8217;in Suriye topraklar\u0131na y\u00f6nelik devam eden sald\u0131r\u0131lar\u0131n\u0131 kesin bir dille reddetti\u011fini ve g\u00fc\u00e7l\u00fc bir \u015fekilde k\u0131nad\u0131\u011f\u0131n\u0131, bunun \u0130srail ile Suriye aras\u0131ndaki 1974 tarihli Ayr\u0131lma Anla\u015fmas\u0131&#8217;n\u0131n a\u00e7\u0131k bir ihlali oldu\u011funu teyit ederken, Krall\u0131\u011f\u0131n karde\u015f Suriye&#8217;ye, g\u00fcvenli\u011fine, istikrar\u0131na ve egemenli\u011fine tam destek ve dayan\u0131\u015fma i\u00e7inde oldu\u011funu da yineledi.<\/p>\n<p style=\"text-align: justify;\">B\u00fcy\u00fckel\u00e7i El Kadat ayr\u0131ca, uluslararas\u0131 toplumu hukuki ve ahlaki sorumluluklar\u0131n\u0131 \u00fcstlenmeye ve \u0130srail&#8217;i Suriye&#8217;ye y\u00f6nelik k\u0131\u015fk\u0131rt\u0131c\u0131 ve yasad\u0131\u015f\u0131 sald\u0131r\u0131lar\u0131n\u0131 durdurmaya ve topraklar\u0131n\u0131n bir k\u0131sm\u0131ndaki i\u015fgali sonland\u0131rmaya zorlamaya \u00e7a\u011f\u0131rd\u0131 ve \u00a0\u0130srail&#8217;in, devletlerin egemenli\u011fine sayg\u0131 g\u00f6sterilmesini ve i\u00e7i\u015flerine m\u00fcdahale edilmemesini gerektiren uluslararas\u0131 hukuk kurallar\u0131na ve ilgili uluslararas\u0131 me\u015fruiyet kararlar\u0131na uymas\u0131 gerekti\u011fini vurgulad\u0131.<\/p>\n","protected":false},"excerpt":{"rendered":"<p>AMMAN (SANA) &#8211;\u00a0 \u00dcrd\u00fcn, \u0130srail&#8217;in Suriye&#8217;nin \u00e7e\u015fitli b\u00f6lgelerine y\u00f6nelik son d\u00f6nemdeki sald\u0131rganl\u0131klar\u0131n\u0131 en sert \u015fekilde k\u0131nayarak, uluslararas\u0131 toplumu, \u0130srail&#8217;in Suriye&#8217;ye y\u00f6nelik yasad\u0131\u015f\u0131 sald\u0131r\u0131lar\u0131n\u0131 durdurmas\u0131 ve topraklar\u0131n\u0131n bir k\u0131sm\u0131ndaki i\u015fgaline son vermesi y\u00f6n\u00fcnde zorlamaya \u00e7a\u011f\u0131rd\u0131. \u00dcrd\u00fcn D\u0131\u015fi\u015fleri Bakanl\u0131\u011f\u0131&#8217;n\u0131n resmi s\u00f6zc\u00fcs\u00fc B\u00fcy\u00fckel\u00e7i S\u00fcfyan El Kudat, Petra Haber Ajans\u0131&#8217;n\u0131n aktard\u0131\u011f\u0131na g\u00f6re bug\u00fcn yapt\u0131\u011f\u0131 a\u00e7\u0131klamada, bu sald\u0131rganl\u0131klar\u0131n uluslararas\u0131 hukukun &hellip;<\/p>\n","protected":false},"author":41,"featured_media":318095,"comment_status":"closed","ping_status":"closed","sticky":false,"template":"","format":"standard","meta":{"footnotes":""},"categories":[458,589,459,17988],"tags":[43652,13583,5615],"class_list":["post-318094","post","type-post","status-publish","format-standard","has-post-thumbnail","","category-dunya1","category-haber-seridi","category-haberler-arap-uluslararasi-politika","category-son-haberler","tag-israilin-suriyeye-yonelik-saldirganliklari-durdurmasi-ve-topraklarinin-bir-kismindaki-isgaline-son-vermesi-yonunde-zorlamaya-cagirdi","tag-uluslararasi-toplumu","tag-urdun"],"_links":{"self":[{"href":"https:\/\/archive.sana.sy\/tr\/index.php?rest_route=\/wp\/v2\/posts\/318094","targetHints":{"allow":["GET"]}}],"collection":[{"href":"https:\/\/archive.sana.sy\/tr\/index.php?rest_route=\/wp\/v2\/posts"}],"about":[{"href":"https:\/\/archive.sana.sy\/tr\/index.php?rest_route=\/wp\/v2\/types\/post"}],"author":[{"embeddable":true,"href":"https:\/\/archive.sana.sy\/tr\/index.php?rest_route=\/wp\/v2\/users\/41"}],"replies":[{"embeddable":true,"href":"https:\/\/archive.sana.sy\/tr\/index.php?rest_route=%2Fwp%2Fv2%2Fcomments&post=318094"}],"version-history":[{"count":1,"href":"https:\/\/archive.sana.sy\/tr\/index.php?rest_route=\/wp\/v2\/posts\/318094\/revisions"}],"predecessor-version":[{"id":318096,"href":"https:\/\/archive.sana.sy\/tr\/index.php?rest_route=\/wp\/v2\/posts\/318094\/revisions\/318096"}],"wp:featuredmedia":[{"embeddable":true,"href":"https:\/\/archive.sana.sy\/tr\/index.php?rest_route=\/wp\/v2\/media\/318095"}],"wp:attachment":[{"href":"https:\/\/archive.sana.sy\/tr\/index.php?rest_route=%2Fwp%2Fv2%2Fmedia&parent=318094"}],"wp:term":[{"taxonomy":"category","embeddable":true,"href":"https:\/\/archive.sana.sy\/tr\/index.php?rest_route=%2Fwp%2Fv2%2Fcategories&post=318094"},{"taxonomy":"post_tag","embeddable":true,"href":"https:\/\/archive.sana.sy\/tr\/index.php?rest_route=%2Fwp%2Fv2%2Ftags&post=318094"}],"curies":[{"name":"wp","href":"https:\/\/api.w.org\/{rel}","templated":true}]}}