{"id":318106,"date":"2025-04-03T19:14:41","date_gmt":"2025-04-03T16:14:41","guid":{"rendered":"https:\/\/sana.sy\/tr\/?p=318106"},"modified":"2025-04-03T19:14:41","modified_gmt":"2025-04-03T16:14:41","slug":"suudi-arabistan-israilin-suriyeye-yonelik-saldirilarini-sert-bir-dille-kinadi","status":"publish","type":"post","link":"https:\/\/archive.sana.sy\/tr\/?p=318106","title":{"rendered":"Suudi Arabistan, \u0130srail&#8217;in Suriye&#8217;ye Y\u00f6nelik Sald\u0131r\u0131lar\u0131n\u0131 Sert Bir Dille K\u0131nad\u0131"},"content":{"rendered":"<p style=\"text-align: justify;\"><span style=\"color: #800000;\"><strong>R\u0130YAD (SANA)- <\/strong><\/span>Suudi Arabistan Krall\u0131\u011f\u0131, \u0130srail&#8217;in Suriye&#8217;ye y\u00f6nelik sald\u0131rganl\u0131klar\u0131n\u0131 sert bir dille k\u0131nayarak, \u0130srail&#8217;in Suriye ve b\u00f6lgenin g\u00fcvenlik ve istikrar\u0131n\u0131 tehdit etme giri\u015fimlerini reddetti\u011fini yineledi.<\/p>\n<p style=\"text-align: justify;\">Bakanl\u0131k bug\u00fcn yapt\u0131\u011f\u0131 a\u00e7\u0131klamada, \u00a0Suudi Arabistan Krall\u0131\u011f\u0131&#8217;n\u0131n \u0130srail sald\u0131rganl\u0131klar\u0131n\u0131 g\u00fc\u00e7l\u00fc bir \u015fekilde k\u0131nad\u0131\u011f\u0131n\u0131 ifade etti\u011fini ve karde\u015f Suriye Arap Cumhuriyeti&#8217;nin be\u015f ayr\u0131 b\u00f6lgesini hedef alan ve onlarca sivil ve askerin yaralanmas\u0131na yol a\u00e7an sald\u0131r\u0131lar\u0131 d\u00fczenleyen \u0130srail i\u015fgal varl\u0131\u011f\u0131n\u0131n uluslararas\u0131 hukuku ihlal ederek Suriye ve b\u00f6lgenin g\u00fcvenlik ve istikrar\u0131n\u0131 tehdit etme giri\u015fimlerini kategorik olarak reddetti\u011fini yineledi\u011fini kaydetti.<\/p>\n<p>Bakanl\u0131k ayr\u0131ca, &#8220;Krall\u0131k, uluslararas\u0131 toplumun, \u00f6zellikle G\u00fcvenlik Konseyi&#8217;nin daimi \u00fcyelerinin, Suriye ve b\u00f6lgedeki devam eden \u0130srail ihlallerine kar\u015f\u0131 \u00fczerlerine d\u00fc\u015fen g\u00f6revi yerine getirmeleri, kararl\u0131 ve ciddi bir duru\u015f sergilemeleri ve uluslararas\u0131 hesap verebilirlik mekanizmalar\u0131n\u0131 harekete ge\u00e7irmeleri gerekti\u011fini vurgulad\u0131.<\/p>\n","protected":false},"excerpt":{"rendered":"<p>R\u0130YAD (SANA)- Suudi Arabistan Krall\u0131\u011f\u0131, \u0130srail&#8217;in Suriye&#8217;ye y\u00f6nelik sald\u0131rganl\u0131klar\u0131n\u0131 sert bir dille k\u0131nayarak, \u0130srail&#8217;in Suriye ve b\u00f6lgenin g\u00fcvenlik ve istikrar\u0131n\u0131 tehdit etme giri\u015fimlerini reddetti\u011fini yineledi. Bakanl\u0131k bug\u00fcn yapt\u0131\u011f\u0131 a\u00e7\u0131klamada, \u00a0Suudi Arabistan Krall\u0131\u011f\u0131&#8217;n\u0131n \u0130srail sald\u0131rganl\u0131klar\u0131n\u0131 g\u00fc\u00e7l\u00fc bir \u015fekilde k\u0131nad\u0131\u011f\u0131n\u0131 ifade etti\u011fini ve karde\u015f Suriye Arap Cumhuriyeti&#8217;nin be\u015f ayr\u0131 b\u00f6lgesini hedef alan ve onlarca sivil ve askerin &hellip;<\/p>\n","protected":false},"author":41,"featured_media":318107,"comment_status":"closed","ping_status":"closed","sticky":false,"template":"","format":"standard","meta":{"footnotes":""},"categories":[458,589,459,17988],"tags":[43655,2733],"class_list":["post-318106","post","type-post","status-publish","format-standard","has-post-thumbnail","","category-dunya1","category-haber-seridi","category-haberler-arap-uluslararasi-politika","category-son-haberler","tag-israilin-suriyeye-yonelik-saldirilarini-sert-bir-dille-kinadi","tag-suudi-arabistan"],"_links":{"self":[{"href":"https:\/\/archive.sana.sy\/tr\/index.php?rest_route=\/wp\/v2\/posts\/318106","targetHints":{"allow":["GET"]}}],"collection":[{"href":"https:\/\/archive.sana.sy\/tr\/index.php?rest_route=\/wp\/v2\/posts"}],"about":[{"href":"https:\/\/archive.sana.sy\/tr\/index.php?rest_route=\/wp\/v2\/types\/post"}],"author":[{"embeddable":true,"href":"https:\/\/archive.sana.sy\/tr\/index.php?rest_route=\/wp\/v2\/users\/41"}],"replies":[{"embeddable":true,"href":"https:\/\/archive.sana.sy\/tr\/index.php?rest_route=%2Fwp%2Fv2%2Fcomments&post=318106"}],"version-history":[{"count":1,"href":"https:\/\/archive.sana.sy\/tr\/index.php?rest_route=\/wp\/v2\/posts\/318106\/revisions"}],"predecessor-version":[{"id":318108,"href":"https:\/\/archive.sana.sy\/tr\/index.php?rest_route=\/wp\/v2\/posts\/318106\/revisions\/318108"}],"wp:featuredmedia":[{"embeddable":true,"href":"https:\/\/archive.sana.sy\/tr\/index.php?rest_route=\/wp\/v2\/media\/318107"}],"wp:attachment":[{"href":"https:\/\/archive.sana.sy\/tr\/index.php?rest_route=%2Fwp%2Fv2%2Fmedia&parent=318106"}],"wp:term":[{"taxonomy":"category","embeddable":true,"href":"https:\/\/archive.sana.sy\/tr\/index.php?rest_route=%2Fwp%2Fv2%2Fcategories&post=318106"},{"taxonomy":"post_tag","embeddable":true,"href":"https:\/\/archive.sana.sy\/tr\/index.php?rest_route=%2Fwp%2Fv2%2Ftags&post=318106"}],"curies":[{"name":"wp","href":"https:\/\/api.w.org\/{rel}","templated":true}]}}