{"id":318109,"date":"2025-04-03T19:33:32","date_gmt":"2025-04-03T16:33:32","guid":{"rendered":"https:\/\/sana.sy\/tr\/?p=318109"},"modified":"2025-04-03T19:33:32","modified_gmt":"2025-04-03T16:33:32","slug":"bm-israilin-suriyedeki-gerginligi-tekrarlanan-tirmandirmasini-kinadi","status":"publish","type":"post","link":"https:\/\/archive.sana.sy\/tr\/?p=318109","title":{"rendered":"BM, \u0130srail&#8217;in Suriye&#8217;deki Gerginli\u011fi Tekrarlanan T\u0131rmand\u0131rmas\u0131n\u0131 K\u0131nad\u0131"},"content":{"rendered":"<p style=\"text-align: justify;\"><span style=\"color: #800000;\"><strong>NEW YORK (SANA)- <\/strong><\/span>BM Suriye \u00d6zel Temsilcisi Geir Pederson, bug\u00fcn yapt\u0131\u011f\u0131 a\u00e7\u0131klamada, \u0130srail&#8217;in Suriye&#8217;de &#8220;sivillerin \u00f6l\u00fcm\u00fcne yol a\u00e7an hava sald\u0131rganl\u0131klar\u0131n\u0131 da dahil olmak \u00fczere, tekrarlanan ve artan askeri t\u0131rman\u0131\u015f\u0131n\u0131&#8221; k\u0131nad\u0131.<\/p>\n<p>BM Haber Merkezi, Pederson&#8217;un bas\u0131n a\u00e7\u0131klamas\u0131nda \u015funlar\u0131 s\u00f6yledi\u011fini aktard\u0131: &#8220;Bu eylemler, i\u00e7eride ve b\u00f6lgedeki kom\u015fular\u0131yla bar\u0131\u015f i\u00e7inde yeni bir Suriye in\u015fa etme \u00e7abalar\u0131n\u0131 baltal\u0131yor ve\u00a0 hassas bir d\u00f6nemde Suriye&#8217;yi istikrars\u0131zla\u015ft\u0131r\u0131yor.&#8221;<\/p>\n<p>BM \u00d6zel Temsilcisi ayr\u0131ca, \u0130srail&#8217;in uluslararas\u0131 hukuku ciddi \u015fekilde ihlal edebilecek bu sald\u0131rganl\u0131klar\u0131n\u0131 durdurmas\u0131n\u0131, Suriye&#8217;nin egemenli\u011fine ve mevcut anla\u015fmalara sayg\u0131 g\u00f6stermesini ve sahadaki tek tarafl\u0131 eylemlerine son vermesini talep etti ve g\u00fcvenlik endi\u015felerini gidermek ve daha fazla t\u0131rmanmay\u0131 \u00f6nlemek i\u00e7in t\u00fcm taraflar\u0131 diplomatik \u00e7\u00f6z\u00fcmlere ve diyalo\u011fa \u00f6ncelik vermeye \u00e7a\u011f\u0131rd\u0131.<\/p>\n","protected":false},"excerpt":{"rendered":"<p>NEW YORK (SANA)- BM Suriye \u00d6zel Temsilcisi Geir Pederson, bug\u00fcn yapt\u0131\u011f\u0131 a\u00e7\u0131klamada, \u0130srail&#8217;in Suriye&#8217;de &#8220;sivillerin \u00f6l\u00fcm\u00fcne yol a\u00e7an hava sald\u0131rganl\u0131klar\u0131n\u0131 da dahil olmak \u00fczere, tekrarlanan ve artan askeri t\u0131rman\u0131\u015f\u0131n\u0131&#8221; k\u0131nad\u0131. BM Haber Merkezi, Pederson&#8217;un bas\u0131n a\u00e7\u0131klamas\u0131nda \u015funlar\u0131 s\u00f6yledi\u011fini aktard\u0131: &#8220;Bu eylemler, i\u00e7eride ve b\u00f6lgedeki kom\u015fular\u0131yla bar\u0131\u015f i\u00e7inde yeni bir Suriye in\u015fa etme \u00e7abalar\u0131n\u0131 baltal\u0131yor ve\u00a0 &hellip;<\/p>\n","protected":false},"author":41,"featured_media":318110,"comment_status":"closed","ping_status":"closed","sticky":false,"template":"","format":"standard","meta":{"footnotes":""},"categories":[458,589,459,17988],"tags":[5730,43656],"class_list":["post-318109","post","type-post","status-publish","format-standard","has-post-thumbnail","","category-dunya1","category-haber-seridi","category-haberler-arap-uluslararasi-politika","category-son-haberler","tag-bm","tag-israilin-suriyedeki-gerginligi-tekrarlanan-tirmandirmasini-kinadi"],"_links":{"self":[{"href":"https:\/\/archive.sana.sy\/tr\/index.php?rest_route=\/wp\/v2\/posts\/318109","targetHints":{"allow":["GET"]}}],"collection":[{"href":"https:\/\/archive.sana.sy\/tr\/index.php?rest_route=\/wp\/v2\/posts"}],"about":[{"href":"https:\/\/archive.sana.sy\/tr\/index.php?rest_route=\/wp\/v2\/types\/post"}],"author":[{"embeddable":true,"href":"https:\/\/archive.sana.sy\/tr\/index.php?rest_route=\/wp\/v2\/users\/41"}],"replies":[{"embeddable":true,"href":"https:\/\/archive.sana.sy\/tr\/index.php?rest_route=%2Fwp%2Fv2%2Fcomments&post=318109"}],"version-history":[{"count":1,"href":"https:\/\/archive.sana.sy\/tr\/index.php?rest_route=\/wp\/v2\/posts\/318109\/revisions"}],"predecessor-version":[{"id":318111,"href":"https:\/\/archive.sana.sy\/tr\/index.php?rest_route=\/wp\/v2\/posts\/318109\/revisions\/318111"}],"wp:featuredmedia":[{"embeddable":true,"href":"https:\/\/archive.sana.sy\/tr\/index.php?rest_route=\/wp\/v2\/media\/318110"}],"wp:attachment":[{"href":"https:\/\/archive.sana.sy\/tr\/index.php?rest_route=%2Fwp%2Fv2%2Fmedia&parent=318109"}],"wp:term":[{"taxonomy":"category","embeddable":true,"href":"https:\/\/archive.sana.sy\/tr\/index.php?rest_route=%2Fwp%2Fv2%2Fcategories&post=318109"},{"taxonomy":"post_tag","embeddable":true,"href":"https:\/\/archive.sana.sy\/tr\/index.php?rest_route=%2Fwp%2Fv2%2Ftags&post=318109"}],"curies":[{"name":"wp","href":"https:\/\/api.w.org\/{rel}","templated":true}]}}