{"id":318132,"date":"2025-04-04T10:00:39","date_gmt":"2025-04-04T07:00:39","guid":{"rendered":"https:\/\/sana.sy\/tr\/?p=318132"},"modified":"2025-04-04T10:42:03","modified_gmt":"2025-04-04T07:42:03","slug":"turkiye-disisleri-bakanligi-israile-suriyede-istikrarin-saglanmasi-yonundeki-cabalari-baltalamamasi-cagrisinda-bulundu","status":"publish","type":"post","link":"https:\/\/archive.sana.sy\/tr\/?p=318132","title":{"rendered":"T\u00fcrkiye D\u0131\u015fi\u015fleri Bakanl\u0131\u011f\u0131, \u0130srail&#8217;e Suriye&#8217;de \u0130stikrar\u0131n Sa\u011flanmas\u0131 Y\u00f6n\u00fcndeki \u00c7abalar\u0131 Baltalamamas\u0131 \u00c7a\u011fr\u0131s\u0131nda Bulundu"},"content":{"rendered":"<p style=\"text-align: justify;\"><span style=\"color: #800000;\"><strong>ANKARA (SANA) \u2013<\/strong><\/span> T\u00fcrkiye D\u0131\u015fi\u015fleri Bakanl\u0131\u011f\u0131, \u0130srail&#8217;e Suriye&#8217;de istikrar\u0131n sa\u011flanmas\u0131 y\u00f6n\u00fcndeki \u00e7abalar\u0131 baltalamamas\u0131 \u00e7a\u011fr\u0131s\u0131nda bulundu.<\/p>\n<p style=\"text-align: justify;\">Bakanl\u0131k bug\u00fcn Anadolu Ajans\u0131&#8217;n\u0131n aktard\u0131\u011f\u0131na g\u00f6re \u015fu a\u00e7\u0131klamay\u0131 yapt\u0131: \u201cB\u00f6lgemizde bar\u0131\u015f, istikrar ve refah i\u00e7in b\u00fcy\u00fck umutlar vadeden ve t\u00fcm d\u00fcnyan\u0131n deste\u011fini alan Suriye ve L\u00fcbnan&#8217;daki geli\u015fmelerin \u0130srail&#8217;i neden bu kadar rahats\u0131z etti\u011fini sormak gerekiyor.\u201d<\/p>\n<p style=\"text-align: justify;\">A\u00e7\u0131klamada ayr\u0131ca, &#8220;\u0130srail&#8221;in b\u00f6lge \u00fclkelerinin toprak b\u00fct\u00fcnl\u00fc\u011f\u00fcne ve ulusal birli\u011fine y\u00f6nelik sald\u0131r\u0131lar\u0131yla b\u00f6lge g\u00fcvenli\u011fine y\u00f6nelik en b\u00fcy\u00fck tehdit haline geldi\u011fi belirtildi.<\/p>\n<p style=\"text-align: justify;\">D\u0131\u015fi\u015fler Bakanl\u0131\u011f\u0131 a\u00e7\u0131klamas\u0131nda da, b\u00f6lgede g\u00fcvenli\u011fi sa\u011flamak i\u00e7in \u0130srail&#8217;in yay\u0131lmac\u0131 politikalar\u0131na son vermesi ve i\u015fgal etti\u011fi topraklardan \u00e7ekilmesi \u00e7a\u011fr\u0131s\u0131 yap\u0131ld\u0131 ve \u0130srail politikalar\u0131n\u0131n b\u00f6lgede kaos yaratmaya, ter\u00f6r\u00fc te\u015fvik etmeye ve stratejik istikrar\u0131 baltalamaya katk\u0131 sa\u011flad\u0131\u011f\u0131na dikkat \u00e7ekildi.<\/p>\n","protected":false},"excerpt":{"rendered":"<p>ANKARA (SANA) \u2013 T\u00fcrkiye D\u0131\u015fi\u015fleri Bakanl\u0131\u011f\u0131, \u0130srail&#8217;e Suriye&#8217;de istikrar\u0131n sa\u011flanmas\u0131 y\u00f6n\u00fcndeki \u00e7abalar\u0131 baltalamamas\u0131 \u00e7a\u011fr\u0131s\u0131nda bulundu. Bakanl\u0131k bug\u00fcn Anadolu Ajans\u0131&#8217;n\u0131n aktard\u0131\u011f\u0131na g\u00f6re \u015fu a\u00e7\u0131klamay\u0131 yapt\u0131: \u201cB\u00f6lgemizde bar\u0131\u015f, istikrar ve refah i\u00e7in b\u00fcy\u00fck umutlar vadeden ve t\u00fcm d\u00fcnyan\u0131n deste\u011fini alan Suriye ve L\u00fcbnan&#8217;daki geli\u015fmelerin \u0130srail&#8217;i neden bu kadar rahats\u0131z etti\u011fini sormak gerekiyor.\u201d A\u00e7\u0131klamada ayr\u0131ca, &#8220;\u0130srail&#8221;in b\u00f6lge \u00fclkelerinin &hellip;<\/p>\n","protected":false},"author":44,"featured_media":318133,"comment_status":"closed","ping_status":"closed","sticky":false,"template":"","format":"standard","meta":{"footnotes":""},"categories":[458,589,459,17988],"tags":[43664,43663],"class_list":["post-318132","post","type-post","status-publish","format-standard","has-post-thumbnail","","category-dunya1","category-haber-seridi","category-haberler-arap-uluslararasi-politika","category-son-haberler","tag-israile-suriyede-istikrarin-saglanmasi-yonundeki-cabalari-baltalamamasi-cagrisinda-bulundu","tag-turkiye-disisleri-bakanligi"],"_links":{"self":[{"href":"https:\/\/archive.sana.sy\/tr\/index.php?rest_route=\/wp\/v2\/posts\/318132","targetHints":{"allow":["GET"]}}],"collection":[{"href":"https:\/\/archive.sana.sy\/tr\/index.php?rest_route=\/wp\/v2\/posts"}],"about":[{"href":"https:\/\/archive.sana.sy\/tr\/index.php?rest_route=\/wp\/v2\/types\/post"}],"author":[{"embeddable":true,"href":"https:\/\/archive.sana.sy\/tr\/index.php?rest_route=\/wp\/v2\/users\/44"}],"replies":[{"embeddable":true,"href":"https:\/\/archive.sana.sy\/tr\/index.php?rest_route=%2Fwp%2Fv2%2Fcomments&post=318132"}],"version-history":[{"count":1,"href":"https:\/\/archive.sana.sy\/tr\/index.php?rest_route=\/wp\/v2\/posts\/318132\/revisions"}],"predecessor-version":[{"id":318134,"href":"https:\/\/archive.sana.sy\/tr\/index.php?rest_route=\/wp\/v2\/posts\/318132\/revisions\/318134"}],"wp:featuredmedia":[{"embeddable":true,"href":"https:\/\/archive.sana.sy\/tr\/index.php?rest_route=\/wp\/v2\/media\/318133"}],"wp:attachment":[{"href":"https:\/\/archive.sana.sy\/tr\/index.php?rest_route=%2Fwp%2Fv2%2Fmedia&parent=318132"}],"wp:term":[{"taxonomy":"category","embeddable":true,"href":"https:\/\/archive.sana.sy\/tr\/index.php?rest_route=%2Fwp%2Fv2%2Fcategories&post=318132"},{"taxonomy":"post_tag","embeddable":true,"href":"https:\/\/archive.sana.sy\/tr\/index.php?rest_route=%2Fwp%2Fv2%2Ftags&post=318132"}],"curies":[{"name":"wp","href":"https:\/\/api.w.org\/{rel}","templated":true}]}}