{"id":318164,"date":"2025-04-04T20:30:10","date_gmt":"2025-04-04T17:30:10","guid":{"rendered":"https:\/\/sana.sy\/tr\/?p=318164"},"modified":"2025-04-05T09:10:16","modified_gmt":"2025-04-05T06:10:16","slug":"suriye-arap-cumhuriyeti-hukumetinin-uluslararasi-af-orgutu-raporuyla-ilgili-olarak-yayinladigi-basin-aciklamasi","status":"publish","type":"post","link":"https:\/\/archive.sana.sy\/tr\/?p=318164","title":{"rendered":"Suriye Arap Cumhuriyeti H\u00fck\u00fcmeti&#8217;nin Uluslararas\u0131 Af \u00d6rg\u00fct\u00fc Raporuyla \u0130lgili Olarak Yay\u0131nlad\u0131\u011f\u0131 Bas\u0131n A\u00e7\u0131klamas\u0131"},"content":{"rendered":"<p style=\"text-align: justify;\"><span style=\"color: #800000;\"><strong>\u015eAM (SANA)<\/strong> &#8211;<\/span> Suriye Arap Cumhuriyeti H\u00fck\u00fcmeti, Uluslararas\u0131 Af \u00d6rg\u00fct\u00fc&#8217;n\u00fcn ge\u00e7en mart ay\u0131nda Suriye sahil b\u00f6lgesinde ya\u015fanan olaylara ili\u015fkin yay\u0131nlad\u0131\u011f\u0131 raporu ve \u00f6n sonu\u00e7lar\u0131n takibini yaparak, bunlar\u0131 Cumhurba\u015fkanl\u0131\u011f\u0131 kararnamesiyle kendisine verilen yetki, ba\u011f\u0131ms\u0131zl\u0131k ve geni\u015f yetkiler \u00e7er\u00e7evesinde de\u011ferlendirmek \u00fczere Ba\u011f\u0131ms\u0131z Ulusal Soru\u015fturma ve Bilgi Toplama Komitesi&#8217;ne b\u0131rak\u0131lacak i\u00e7erdi\u011fi \u00f6zetleri ilgiyle takip etti.<\/p>\n<p style=\"text-align: justify;\">H\u00fck\u00fcmet, adaleti koruman\u0131n ve \u015feffafl\u0131\u011f\u0131 te\u015fvik etmenin \u00f6nemine inan\u0131larak, zaman i\u00e7inde g\u00f6z ard\u0131 edilmemesi gereken metodolojik g\u00f6zlemlerin oldu\u011funu belirtmek istersiniz. Bu g\u00f6zlemlerin en dikkat \u00e7ekenlerinden biri, baz\u0131 insan haklar\u0131 raporlar\u0131n\u0131n olaylar\u0131n ger\u00e7ekle\u015fti\u011fi ba\u011flam\u0131 g\u00f6z ard\u0131 etme veya \u00f6nemini k\u00fc\u00e7\u00fcmseme e\u011filimi g\u00f6stermesidir; bu da ula\u015f\u0131lan sonu\u00e7lar\u0131 etkilemektedir. Sahil kesimindeki talihsiz olaylar, eski rejimin kal\u0131nt\u0131lar\u0131 taraf\u0131ndan kamu g\u00fcvenlik g\u00fc\u00e7lerine ve orduya y\u00f6nelik hain ve planl\u0131 bir sald\u0131r\u0131yla ba\u015flad\u0131. Sald\u0131r\u0131 s\u0131ras\u0131nda b\u00f6lge halk\u0131na ve sakinlerine y\u00f6nelik, zaman zaman mezhepsel nedenlerle ihlaller i\u015flendi. Bu durum, y\u00fczlerce personelin \u015fehit edilmesinin ard\u0131ndan devlet otoritesinin ge\u00e7ici olarak ortadan kalkmas\u0131yla sonu\u00e7land\u0131 ve ard\u0131ndan intikam, ihlaller ve tecav\u00fczlerle sonu\u00e7lanan bir g\u00fcvenlik kaosu ya\u015fand\u0131. Ulusal Komite, s\u00f6z konusu ihlalleri soru\u015fturmay\u0131 ve otuz g\u00fcn i\u00e7inde bulgular\u0131n\u0131 a\u00e7\u0131klamay\u0131 kendisine g\u00f6rev edinmi\u015ftir.<\/p>\n<p style=\"text-align: justify;\">Ayr\u0131ca Suriye h\u00fck\u00fcmetinin insan haklar\u0131 \u00f6rg\u00fctleriyle i\u015fbirli\u011fi yapma ve \u00fclkenin her yerine eri\u015fim sa\u011flama y\u00f6n\u00fcndeki \u00e7abalar\u0131n\u0131n ve isteklili\u011finin Uluslararas\u0131 Soru\u015fturma Komisyonu taraf\u0131ndan takdir edildi\u011fini teyit ediyoruz. Bu \u00e7abalar, yaln\u0131zca su\u00e7lular\u0131 ilgilendiren ge\u00e7i\u015f adaletine dayal\u0131 kapsaml\u0131 bir ulusal uzla\u015f\u0131 yakla\u015f\u0131m\u0131yla uyumludur. Bu konuda hi\u00e7bir misilleme yap\u0131lmaks\u0131z\u0131n birincil referans devlet ve onun kurumlar\u0131d\u0131r.<\/p>\n<p style=\"text-align: justify;\">Bu ba\u011flamda Suriye H\u00fck\u00fcmeti, aidiyetleri ne olursa olsun t\u00fcm vatanda\u015flar\u0131n\u0131 koruma ve onlar\u0131n e\u015fit hak ve g\u00f6revlere sahip, e\u015fit vatanda\u015fl\u0131k devleti i\u00e7inde geleceklerini g\u00fcvence alt\u0131na alma konusunda tam sorumlulu\u011funu vurgulamaktad\u0131r.<\/p>\n","protected":false},"excerpt":{"rendered":"<p>\u015eAM (SANA) &#8211; Suriye Arap Cumhuriyeti H\u00fck\u00fcmeti, Uluslararas\u0131 Af \u00d6rg\u00fct\u00fc&#8217;n\u00fcn ge\u00e7en mart ay\u0131nda Suriye sahil b\u00f6lgesinde ya\u015fanan olaylara ili\u015fkin yay\u0131nlad\u0131\u011f\u0131 raporu ve \u00f6n sonu\u00e7lar\u0131n takibini yaparak, bunlar\u0131 Cumhurba\u015fkanl\u0131\u011f\u0131 kararnamesiyle kendisine verilen yetki, ba\u011f\u0131ms\u0131zl\u0131k ve geni\u015f yetkiler \u00e7er\u00e7evesinde de\u011ferlendirmek \u00fczere Ba\u011f\u0131ms\u0131z Ulusal Soru\u015fturma ve Bilgi Toplama Komitesi&#8217;ne b\u0131rak\u0131lacak i\u00e7erdi\u011fi \u00f6zetleri ilgiyle takip etti. H\u00fck\u00fcmet, adaleti koruman\u0131n &hellip;<\/p>\n","protected":false},"author":44,"featured_media":0,"comment_status":"closed","ping_status":"closed","sticky":false,"template":"","format":"standard","meta":{"footnotes":""},"categories":[589,479,17988,478],"tags":[43675],"class_list":["post-318164","post","type-post","status-publish","format-standard","","category-haber-seridi","category-haberler-yerel","category-son-haberler","category-yerel","tag-suriye-arap-cumhuriyeti-hukumetinin-uluslararasi-af-orgutu-raporuyla-ilgili-olarak-yayinladigi-basin-aciklamasi"],"_links":{"self":[{"href":"https:\/\/archive.sana.sy\/tr\/index.php?rest_route=\/wp\/v2\/posts\/318164","targetHints":{"allow":["GET"]}}],"collection":[{"href":"https:\/\/archive.sana.sy\/tr\/index.php?rest_route=\/wp\/v2\/posts"}],"about":[{"href":"https:\/\/archive.sana.sy\/tr\/index.php?rest_route=\/wp\/v2\/types\/post"}],"author":[{"embeddable":true,"href":"https:\/\/archive.sana.sy\/tr\/index.php?rest_route=\/wp\/v2\/users\/44"}],"replies":[{"embeddable":true,"href":"https:\/\/archive.sana.sy\/tr\/index.php?rest_route=%2Fwp%2Fv2%2Fcomments&post=318164"}],"version-history":[{"count":1,"href":"https:\/\/archive.sana.sy\/tr\/index.php?rest_route=\/wp\/v2\/posts\/318164\/revisions"}],"predecessor-version":[{"id":318165,"href":"https:\/\/archive.sana.sy\/tr\/index.php?rest_route=\/wp\/v2\/posts\/318164\/revisions\/318165"}],"wp:attachment":[{"href":"https:\/\/archive.sana.sy\/tr\/index.php?rest_route=%2Fwp%2Fv2%2Fmedia&parent=318164"}],"wp:term":[{"taxonomy":"category","embeddable":true,"href":"https:\/\/archive.sana.sy\/tr\/index.php?rest_route=%2Fwp%2Fv2%2Fcategories&post=318164"},{"taxonomy":"post_tag","embeddable":true,"href":"https:\/\/archive.sana.sy\/tr\/index.php?rest_route=%2Fwp%2Fv2%2Ftags&post=318164"}],"curies":[{"name":"wp","href":"https:\/\/api.w.org\/{rel}","templated":true}]}}