{"id":318169,"date":"2025-04-05T11:00:10","date_gmt":"2025-04-05T08:00:10","guid":{"rendered":"https:\/\/sana.sy\/tr\/?p=318169"},"modified":"2025-04-05T14:28:15","modified_gmt":"2025-04-05T11:28:15","slug":"iletisim-bakani-yeni-ulusal-bayragimizin-elektronik-poster-olarak-benimsenmesi-icin-onemli-kuresel-teknoloji-platformlariyla-iletisim-kurmaya-basladik","status":"publish","type":"post","link":"https:\/\/archive.sana.sy\/tr\/?p=318169","title":{"rendered":"\u0130leti\u015fim Bakan\u0131: Yeni Ulusal Bayra\u011f\u0131m\u0131z\u0131n Elektronik Poster Olarak Benimsenmesi \u0130\u00e7in \u00d6nemli K\u00fcresel Teknoloji Platformlar\u0131yla \u0130leti\u015fim Kurmaya Ba\u015flad\u0131k"},"content":{"rendered":"<p><strong><span style=\"color: #800000;\">\u015eAM (SANA)<\/span> &#8211;<\/strong> \u0130leti\u015fim ve Enformasyon Teknolojileri Bakan\u0131 Abdulsalam Heykel, yeni ulusal bayra\u011fa &#8220;emoji&#8221; ad\u0131 verilen elektronik bir \u00e7\u0131kartma eklemeyi planlad\u0131klar\u0131n\u0131 a\u00e7\u0131klad\u0131.<\/p>\n<p>Bakan, (X) platformunda payla\u015ft\u0131\u011f\u0131 tweette \u015fu ifadeleri kulland\u0131: \u2018\u2019Bakanl\u0131k, yeni ulusal bayra\u011f\u0131n benimsenmesi i\u00e7in Google, Samsung, Microsoft gibi b\u00fcy\u00fck teknoloji platformlar\u0131n\u0131n yan\u0131 s\u0131ra (X) platformlar\u0131, WhatsApp, Instagram gibi b\u00fcy\u00fck uygulamalarla da resmen ileti\u015fime ge\u00e7ti.\u2019\u2019<\/p>\n<p>\u0130leti\u015fim Bakan\u0131 ayr\u0131ca, bu giri\u015fimin dijital d\u00fcnyada milli sembollerimizi g\u00fc\u00e7lendirme yolunda \u00f6nemli bir ad\u0131m te\u015fkil etti\u011fini s\u00f6yledi.<\/p>\n","protected":false},"excerpt":{"rendered":"<p>\u015eAM (SANA) &#8211; \u0130leti\u015fim ve Enformasyon Teknolojileri Bakan\u0131 Abdulsalam Heykel, yeni ulusal bayra\u011fa &#8220;emoji&#8221; ad\u0131 verilen elektronik bir \u00e7\u0131kartma eklemeyi planlad\u0131klar\u0131n\u0131 a\u00e7\u0131klad\u0131. Bakan, (X) platformunda payla\u015ft\u0131\u011f\u0131 tweette \u015fu ifadeleri kulland\u0131: \u2018\u2019Bakanl\u0131k, yeni ulusal bayra\u011f\u0131n benimsenmesi i\u00e7in Google, Samsung, Microsoft gibi b\u00fcy\u00fck teknoloji platformlar\u0131n\u0131n yan\u0131 s\u0131ra (X) platformlar\u0131, WhatsApp, Instagram gibi b\u00fcy\u00fck uygulamalarla da resmen ileti\u015fime &hellip;<\/p>\n","protected":false},"author":44,"featured_media":318170,"comment_status":"closed","ping_status":"closed","sticky":false,"template":"","format":"standard","meta":{"footnotes":""},"categories":[589,479,17988,478],"tags":[43677],"class_list":["post-318169","post","type-post","status-publish","format-standard","has-post-thumbnail","","category-haber-seridi","category-haberler-yerel","category-son-haberler","category-yerel","tag-iletisim-bakani-yeni-ulusal-bayragimizin-elektronik-poster-olarak-benimsenmesi-icin-onemli-kuresel-teknoloji-platformlariyla-iletisim-kurmaya-basladik"],"_links":{"self":[{"href":"https:\/\/archive.sana.sy\/tr\/index.php?rest_route=\/wp\/v2\/posts\/318169","targetHints":{"allow":["GET"]}}],"collection":[{"href":"https:\/\/archive.sana.sy\/tr\/index.php?rest_route=\/wp\/v2\/posts"}],"about":[{"href":"https:\/\/archive.sana.sy\/tr\/index.php?rest_route=\/wp\/v2\/types\/post"}],"author":[{"embeddable":true,"href":"https:\/\/archive.sana.sy\/tr\/index.php?rest_route=\/wp\/v2\/users\/44"}],"replies":[{"embeddable":true,"href":"https:\/\/archive.sana.sy\/tr\/index.php?rest_route=%2Fwp%2Fv2%2Fcomments&post=318169"}],"version-history":[{"count":1,"href":"https:\/\/archive.sana.sy\/tr\/index.php?rest_route=\/wp\/v2\/posts\/318169\/revisions"}],"predecessor-version":[{"id":318171,"href":"https:\/\/archive.sana.sy\/tr\/index.php?rest_route=\/wp\/v2\/posts\/318169\/revisions\/318171"}],"wp:featuredmedia":[{"embeddable":true,"href":"https:\/\/archive.sana.sy\/tr\/index.php?rest_route=\/wp\/v2\/media\/318170"}],"wp:attachment":[{"href":"https:\/\/archive.sana.sy\/tr\/index.php?rest_route=%2Fwp%2Fv2%2Fmedia&parent=318169"}],"wp:term":[{"taxonomy":"category","embeddable":true,"href":"https:\/\/archive.sana.sy\/tr\/index.php?rest_route=%2Fwp%2Fv2%2Fcategories&post=318169"},{"taxonomy":"post_tag","embeddable":true,"href":"https:\/\/archive.sana.sy\/tr\/index.php?rest_route=%2Fwp%2Fv2%2Ftags&post=318169"}],"curies":[{"name":"wp","href":"https:\/\/api.w.org\/{rel}","templated":true}]}}