{"id":318235,"date":"2025-04-04T11:00:27","date_gmt":"2025-04-04T08:00:27","guid":{"rendered":"https:\/\/sana.sy\/tr\/?p=318235"},"modified":"2025-04-06T11:01:38","modified_gmt":"2025-04-06T08:01:38","slug":"sam-kirsalindaki-muadamiyet-el-sam-halki-israilin-suriye-topraklarina-yonelik-saldirganliklarini-kinayan-buyuk-protesto-gosterisinden-alinan-goruntuler","status":"publish","type":"post","link":"https:\/\/archive.sana.sy\/tr\/?p=318235","title":{"rendered":"\u015eam K\u0131rsal\u0131ndaki Muadamiyet El \u015eam Halk\u0131, \u0130srail&#8217;in Suriye Topraklar\u0131na Y\u00f6nelik Sald\u0131rganl\u0131klar\u0131n\u0131 K\u0131nayan B\u00fcy\u00fck Protesto G\u00f6sterisinden Al\u0131nan G\u00f6r\u00fcnt\u00fcler"},"content":{"rendered":"<div id='gallery-1' class='gallery galleryid-318235 gallery-columns-1 gallery-size-full'><figure class='gallery-item'>\n\t\t\t<div class='gallery-icon landscape'>\n\t\t\t\t<a href='https:\/\/archive.sana.sy\/tr\/wp-content\/uploads\/2025\/04\/22222-copy-1.jpg'><img loading=\"lazy\" decoding=\"async\" width=\"660\" height=\"450\" src=\"https:\/\/archive.sana.sy\/tr\/wp-content\/uploads\/2025\/04\/22222-copy-1.jpg\" class=\"attachment-full size-full\" alt=\"\" srcset=\"https:\/\/archive.sana.sy\/tr\/wp-content\/uploads\/2025\/04\/22222-copy-1.jpg 660w, https:\/\/archive.sana.sy\/tr\/wp-content\/uploads\/2025\/04\/22222-copy-1-300x205.jpg 300w, https:\/\/archive.sana.sy\/tr\/wp-content\/uploads\/2025\/04\/22222-copy-1-110x75.jpg 110w\" sizes=\"auto, (max-width: 660px) 100vw, 660px\" \/><\/a>\n\t\t\t<\/div><\/figure><figure class='gallery-item'>\n\t\t\t<div class='gallery-icon landscape'>\n\t\t\t\t<a href='https:\/\/archive.sana.sy\/tr\/wp-content\/uploads\/2025\/04\/33333-copy.jpg'><img loading=\"lazy\" decoding=\"async\" width=\"660\" height=\"376\" src=\"https:\/\/archive.sana.sy\/tr\/wp-content\/uploads\/2025\/04\/33333-copy.jpg\" class=\"attachment-full size-full\" alt=\"\" srcset=\"https:\/\/archive.sana.sy\/tr\/wp-content\/uploads\/2025\/04\/33333-copy.jpg 660w, https:\/\/archive.sana.sy\/tr\/wp-content\/uploads\/2025\/04\/33333-copy-300x171.jpg 300w\" sizes=\"auto, (max-width: 660px) 100vw, 660px\" \/><\/a>\n\t\t\t<\/div><\/figure>\n\t\t<\/div>\n\n","protected":false},"excerpt":{"rendered":"","protected":false},"author":39,"featured_media":318236,"comment_status":"closed","ping_status":"closed","sticky":false,"template":"","format":"standard","meta":{"footnotes":""},"categories":[596],"tags":[],"class_list":["post-318235","post","type-post","status-publish","format-standard","has-post-thumbnail","","category-fotografli-raporlar"],"_links":{"self":[{"href":"https:\/\/archive.sana.sy\/tr\/index.php?rest_route=\/wp\/v2\/posts\/318235","targetHints":{"allow":["GET"]}}],"collection":[{"href":"https:\/\/archive.sana.sy\/tr\/index.php?rest_route=\/wp\/v2\/posts"}],"about":[{"href":"https:\/\/archive.sana.sy\/tr\/index.php?rest_route=\/wp\/v2\/types\/post"}],"author":[{"embeddable":true,"href":"https:\/\/archive.sana.sy\/tr\/index.php?rest_route=\/wp\/v2\/users\/39"}],"replies":[{"embeddable":true,"href":"https:\/\/archive.sana.sy\/tr\/index.php?rest_route=%2Fwp%2Fv2%2Fcomments&post=318235"}],"version-history":[{"count":1,"href":"https:\/\/archive.sana.sy\/tr\/index.php?rest_route=\/wp\/v2\/posts\/318235\/revisions"}],"predecessor-version":[{"id":318239,"href":"https:\/\/archive.sana.sy\/tr\/index.php?rest_route=\/wp\/v2\/posts\/318235\/revisions\/318239"}],"wp:featuredmedia":[{"embeddable":true,"href":"https:\/\/archive.sana.sy\/tr\/index.php?rest_route=\/wp\/v2\/media\/318236"}],"wp:attachment":[{"href":"https:\/\/archive.sana.sy\/tr\/index.php?rest_route=%2Fwp%2Fv2%2Fmedia&parent=318235"}],"wp:term":[{"taxonomy":"category","embeddable":true,"href":"https:\/\/archive.sana.sy\/tr\/index.php?rest_route=%2Fwp%2Fv2%2Fcategories&post=318235"},{"taxonomy":"post_tag","embeddable":true,"href":"https:\/\/archive.sana.sy\/tr\/index.php?rest_route=%2Fwp%2Fv2%2Ftags&post=318235"}],"curies":[{"name":"wp","href":"https:\/\/api.w.org\/{rel}","templated":true}]}}