{"id":318278,"date":"2025-04-06T18:37:04","date_gmt":"2025-04-06T15:37:04","guid":{"rendered":"https:\/\/sana.sy\/tr\/?p=318278"},"modified":"2025-04-06T18:38:04","modified_gmt":"2025-04-06T15:38:04","slug":"almanyada-calisan-suriyeli-doktorlarin-katilimiyla-hama-ulusal-hastanesinde-tibbi-egitim-calistayi","status":"publish","type":"post","link":"https:\/\/archive.sana.sy\/tr\/?p=318278","title":{"rendered":"Almanya&#8217;da \u00c7al\u0131\u015fan Suriyeli Doktorlar\u0131n Kat\u0131l\u0131m\u0131yla.. Hama Ulusal Hastanesi&#8217;nde T\u0131bbi E\u011fitim \u00c7al\u0131\u015ftay\u0131"},"content":{"rendered":"<p style=\"text-align: justify;\"><span style=\"color: #800000;\"><strong>HAMA <\/strong><strong>(SANA)-<\/strong><\/span> Suriye-Almanya Tabipler Birli\u011fi heyetinin kat\u0131l\u0131m\u0131yla Hama Ulusal Hastanesi&#8217;nde bir ayl\u0131k t\u0131p e\u011fitim \u00e7al\u0131\u015ftay\u0131 bug\u00fcn ba\u015flad\u0131. \u00c7al\u0131\u015ftaydan hastanedeki hem asistan hem de \u00e7al\u0131\u015fan doktorlar faydalanacak.<\/p>\n<p>Hastane M\u00fcd\u00fcr\u00fc Dr. Mahmud Muheybir, Hama&#8217;daki SANA muhabirine yapt\u0131\u011f\u0131 a\u00e7\u0131klamada, \u00e7al\u0131\u015ftayda teorik derslerin yan\u0131 s\u0131ra Alman hastanelerinde \u00e7al\u0131\u015fan Suriyeli doktorlar taraf\u0131ndan ger\u00e7ekle\u015ftirilen \u00fccretsiz cerrahi operasyonlar\u0131n da yer ald\u0131\u011f\u0131n\u0131 s\u00f6yledi.<\/p>\n<p>Muheybir ayr\u0131ca, Suriye-Alman Tabipler Birli\u011fi&#8217;nden bir heyetin alt\u0131 ay sonra hastaneye ikinci bir ziyaret ger\u00e7ekle\u015ftirece\u011fini, ek ameliyatlar yapacaklar\u0131n\u0131 ve Alman hastanelerindeki uzmanl\u0131klar\u0131n\u0131 hastane doktorlar\u0131yla payla\u015facaklar\u0131n\u0131 ifade etti.<\/p>\n<div id='gallery-1' class='gallery galleryid-318278 gallery-columns-3 gallery-size-large'><figure class='gallery-item'>\n\t\t\t<div class='gallery-icon landscape'>\n\t\t\t\t<a href='https:\/\/archive.sana.sy\/tr\/?attachment_id=318281'><img loading=\"lazy\" decoding=\"async\" width=\"150\" height=\"150\" src=\"https:\/\/archive.sana.sy\/tr\/wp-content\/uploads\/2025\/04\/6-2.jpg\" class=\"attachment-large size-large\" alt=\"\" \/><\/a>\n\t\t\t<\/div><\/figure><figure class='gallery-item'>\n\t\t\t<div class='gallery-icon landscape'>\n\t\t\t\t<a href='https:\/\/archive.sana.sy\/tr\/?attachment_id=318282'><img loading=\"lazy\" decoding=\"async\" width=\"150\" height=\"150\" src=\"https:\/\/archive.sana.sy\/tr\/wp-content\/uploads\/2025\/04\/3-4.jpg\" class=\"attachment-large size-large\" alt=\"\" \/><\/a>\n\t\t\t<\/div><\/figure><figure class='gallery-item'>\n\t\t\t<div class='gallery-icon landscape'>\n\t\t\t\t<a href='https:\/\/archive.sana.sy\/tr\/?attachment_id=318283'><img loading=\"lazy\" decoding=\"async\" width=\"150\" height=\"150\" src=\"https:\/\/archive.sana.sy\/tr\/wp-content\/uploads\/2025\/04\/5-2.jpg\" class=\"attachment-large size-large\" alt=\"\" \/><\/a>\n\t\t\t<\/div><\/figure>\n\t\t<\/div>\n\n","protected":false},"excerpt":{"rendered":"<p>HAMA (SANA)- Suriye-Almanya Tabipler Birli\u011fi heyetinin kat\u0131l\u0131m\u0131yla Hama Ulusal Hastanesi&#8217;nde bir ayl\u0131k t\u0131p e\u011fitim \u00e7al\u0131\u015ftay\u0131 bug\u00fcn ba\u015flad\u0131. \u00c7al\u0131\u015ftaydan hastanedeki hem asistan hem de \u00e7al\u0131\u015fan doktorlar faydalanacak. Hastane M\u00fcd\u00fcr\u00fc Dr. Mahmud Muheybir, Hama&#8217;daki SANA muhabirine yapt\u0131\u011f\u0131 a\u00e7\u0131klamada, \u00e7al\u0131\u015ftayda teorik derslerin yan\u0131 s\u0131ra Alman hastanelerinde \u00e7al\u0131\u015fan Suriyeli doktorlar taraf\u0131ndan ger\u00e7ekle\u015ftirilen \u00fccretsiz cerrahi operasyonlar\u0131n da yer ald\u0131\u011f\u0131n\u0131 s\u00f6yledi. &hellip;<\/p>\n","protected":false},"author":41,"featured_media":318279,"comment_status":"closed","ping_status":"closed","sticky":false,"template":"","format":"standard","meta":{"footnotes":""},"categories":[458,589,459,17988],"tags":[43687],"class_list":["post-318278","post","type-post","status-publish","format-standard","has-post-thumbnail","","category-dunya1","category-haber-seridi","category-haberler-arap-uluslararasi-politika","category-son-haberler","tag-almanyada-calisan-suriyeli-doktorlarin-katilimiyla-hama-ulusal-hastanesinde-tibbi-egitim-calistayi"],"_links":{"self":[{"href":"https:\/\/archive.sana.sy\/tr\/index.php?rest_route=\/wp\/v2\/posts\/318278","targetHints":{"allow":["GET"]}}],"collection":[{"href":"https:\/\/archive.sana.sy\/tr\/index.php?rest_route=\/wp\/v2\/posts"}],"about":[{"href":"https:\/\/archive.sana.sy\/tr\/index.php?rest_route=\/wp\/v2\/types\/post"}],"author":[{"embeddable":true,"href":"https:\/\/archive.sana.sy\/tr\/index.php?rest_route=\/wp\/v2\/users\/41"}],"replies":[{"embeddable":true,"href":"https:\/\/archive.sana.sy\/tr\/index.php?rest_route=%2Fwp%2Fv2%2Fcomments&post=318278"}],"version-history":[{"count":2,"href":"https:\/\/archive.sana.sy\/tr\/index.php?rest_route=\/wp\/v2\/posts\/318278\/revisions"}],"predecessor-version":[{"id":318284,"href":"https:\/\/archive.sana.sy\/tr\/index.php?rest_route=\/wp\/v2\/posts\/318278\/revisions\/318284"}],"wp:featuredmedia":[{"embeddable":true,"href":"https:\/\/archive.sana.sy\/tr\/index.php?rest_route=\/wp\/v2\/media\/318279"}],"wp:attachment":[{"href":"https:\/\/archive.sana.sy\/tr\/index.php?rest_route=%2Fwp%2Fv2%2Fmedia&parent=318278"}],"wp:term":[{"taxonomy":"category","embeddable":true,"href":"https:\/\/archive.sana.sy\/tr\/index.php?rest_route=%2Fwp%2Fv2%2Fcategories&post=318278"},{"taxonomy":"post_tag","embeddable":true,"href":"https:\/\/archive.sana.sy\/tr\/index.php?rest_route=%2Fwp%2Fv2%2Ftags&post=318278"}],"curies":[{"name":"wp","href":"https:\/\/api.w.org\/{rel}","templated":true}]}}