{"id":318285,"date":"2025-04-06T19:13:57","date_gmt":"2025-04-06T16:13:57","guid":{"rendered":"https:\/\/sana.sy\/tr\/?p=318285"},"modified":"2025-04-08T14:57:12","modified_gmt":"2025-04-08T11:57:12","slug":"malezya-basbakani-cumhurbaskani-ahmed-el-sarayi-yeni-suriye-hukumetinin-kurulmasindan-dolayi-tebrik-etti","status":"publish","type":"post","link":"https:\/\/archive.sana.sy\/tr\/?p=318285","title":{"rendered":"Malezya Ba\u015fbakan\u0131, Cumhurba\u015fkan\u0131 Ahmed El \u015eara&#8217;y\u0131 Yeni Suriye H\u00fck\u00fcmetinin Kurulmas\u0131ndan Dolay\u0131 Tebrik Etti"},"content":{"rendered":"<p style=\"text-align: justify;\"><span style=\"color: #800000;\"><strong>\u015eAM (SANA)<\/strong> &#8211;<\/span> \u00a0Malezya Ba\u015fbakan\u0131 Enver \u0130brahim, Cumhurba\u015fkan\u0131 Ahmed El \u015eara&#8217;y\u0131 bug\u00fcn telefonla arayarak, yeni Suriye h\u00fck\u00fcmetinin kurulmas\u0131 dolay\u0131s\u0131yla en i\u00e7ten tebriklerini iletti ve Suriye halk\u0131n\u0131n daha fazla refah, istikrar ve mutluluk i\u00e7inde ya\u015famas\u0131n\u0131 diledi.<\/p>\n<p style=\"text-align: justify;\">Malezya Ba\u015fbakan\u0131, g\u00f6r\u00fc\u015fmede \u00fclkesinin Suriye Arap Cumhuriyeti ile ikili ili\u015fkilerini g\u00fc\u00e7lendirme konusundaki kararl\u0131l\u0131\u011f\u0131n\u0131 vurgulayarak, \u00f6zellikle ekonomik sekt\u00f6r olmak \u00fczere \u00e7e\u015fitli alanlarda i\u015f birli\u011fine yeni ufuklar a\u00e7\u0131lmas\u0131n\u0131n \u00f6nemine dikkat \u00e7ekti.<\/p>\n<p>Malezya Ba\u015fbakan\u0131 ayr\u0131ca, Malezya&#8217;n\u0131n \u015firketlerini Suriye&#8217;ye yat\u0131r\u0131m yapmaya ve \u00f6zellikle enerji, tar\u0131m, e\u011fitim ve teknoloji sekt\u00f6rlerinde yeniden yap\u0131lanma \u00e7abalar\u0131na katk\u0131da bulunmaya te\u015fvik etmeye haz\u0131r oldu\u011funu belirtti.<\/p>\n<p style=\"text-align: justify;\">Say\u0131n \u0130brahim, iki \u00fclke \u00f6zel sekt\u00f6rleri aras\u0131ndaki ticari ili\u015fkilerin g\u00fc\u00e7lendirilmesi ve al\u0131\u015fveri\u015flerin art\u0131r\u0131lmas\u0131 konusunda da ilgi duydu\u011funu belirterek, k\u00fclt\u00fcrel ve bilimsel ba\u011flar\u0131n g\u00fc\u00e7lendirilmesinin \u00f6nemini vurgulad\u0131.<\/p>\n<p style=\"text-align: justify;\">G\u00f6r\u00fc\u015fmenin sonunda Malezya Ba\u015fbakan\u0131, Cumhurba\u015fkan\u0131 Ahmed El \u015eara&#8217;ya en k\u0131sa s\u00fcrede Malezya&#8217;y\u0131 ziyaret etmesi y\u00f6n\u00fcnde resmi davette bulunarak, iki halk aras\u0131ndaki i\u015f birli\u011fi ve dostluk ba\u011flar\u0131n\u0131n g\u00fc\u00e7lendirilmesini istedi.<\/p>\n<p style=\"text-align: justify;\">Cumhurba\u015fkan\u0131 El \u015eara ise, Malezya&#8217;n\u0131n destekleyici duru\u015fundan ve Ba\u015fbakan&#8217;\u0131n tebriklerinden duydu\u011fu derin memnuniyeti dile getirerek, Suriye&#8217;nin Asya ve k\u00fcresel ortakl\u0131klara a\u00e7\u0131lma ve Suriye halk\u0131 i\u00e7in daha iyi bir gelecek in\u015fa etme vizyonu kapsam\u0131nda ekonomik ve kalk\u0131nma i\u015f birli\u011fini g\u00fc\u00e7lendirmenin \u00f6nemini vurgulad\u0131.<\/p>\n","protected":false},"excerpt":{"rendered":"<p>\u015eAM (SANA) &#8211; \u00a0Malezya Ba\u015fbakan\u0131 Enver \u0130brahim, Cumhurba\u015fkan\u0131 Ahmed El \u015eara&#8217;y\u0131 bug\u00fcn telefonla arayarak, yeni Suriye h\u00fck\u00fcmetinin kurulmas\u0131 dolay\u0131s\u0131yla en i\u00e7ten tebriklerini iletti ve Suriye halk\u0131n\u0131n daha fazla refah, istikrar ve mutluluk i\u00e7inde ya\u015famas\u0131n\u0131 diledi. Malezya Ba\u015fbakan\u0131, g\u00f6r\u00fc\u015fmede \u00fclkesinin Suriye Arap Cumhuriyeti ile ikili ili\u015fkilerini g\u00fc\u00e7lendirme konusundaki kararl\u0131l\u0131\u011f\u0131n\u0131 vurgulayarak, \u00f6zellikle ekonomik sekt\u00f6r olmak \u00fczere \u00e7e\u015fitli &hellip;<\/p>\n","protected":false},"author":41,"featured_media":318286,"comment_status":"closed","ping_status":"closed","sticky":false,"template":"","format":"standard","meta":{"footnotes":""},"categories":[606,458,459,17988],"tags":[43689,43688],"class_list":["post-318285","post","type-post","status-publish","format-standard","has-post-thumbnail","","category-cumhurbaskani","category-dunya1","category-haberler-arap-uluslararasi-politika","category-son-haberler","tag-cumhurbaskani-ahmed-el-sarayi-yeni-suriye-hukumetinin-kurulmasindan-dolayi-tebrik-etti","tag-malezya-basbakani"],"_links":{"self":[{"href":"https:\/\/archive.sana.sy\/tr\/index.php?rest_route=\/wp\/v2\/posts\/318285","targetHints":{"allow":["GET"]}}],"collection":[{"href":"https:\/\/archive.sana.sy\/tr\/index.php?rest_route=\/wp\/v2\/posts"}],"about":[{"href":"https:\/\/archive.sana.sy\/tr\/index.php?rest_route=\/wp\/v2\/types\/post"}],"author":[{"embeddable":true,"href":"https:\/\/archive.sana.sy\/tr\/index.php?rest_route=\/wp\/v2\/users\/41"}],"replies":[{"embeddable":true,"href":"https:\/\/archive.sana.sy\/tr\/index.php?rest_route=%2Fwp%2Fv2%2Fcomments&post=318285"}],"version-history":[{"count":2,"href":"https:\/\/archive.sana.sy\/tr\/index.php?rest_route=\/wp\/v2\/posts\/318285\/revisions"}],"predecessor-version":[{"id":318428,"href":"https:\/\/archive.sana.sy\/tr\/index.php?rest_route=\/wp\/v2\/posts\/318285\/revisions\/318428"}],"wp:featuredmedia":[{"embeddable":true,"href":"https:\/\/archive.sana.sy\/tr\/index.php?rest_route=\/wp\/v2\/media\/318286"}],"wp:attachment":[{"href":"https:\/\/archive.sana.sy\/tr\/index.php?rest_route=%2Fwp%2Fv2%2Fmedia&parent=318285"}],"wp:term":[{"taxonomy":"category","embeddable":true,"href":"https:\/\/archive.sana.sy\/tr\/index.php?rest_route=%2Fwp%2Fv2%2Fcategories&post=318285"},{"taxonomy":"post_tag","embeddable":true,"href":"https:\/\/archive.sana.sy\/tr\/index.php?rest_route=%2Fwp%2Fv2%2Ftags&post=318285"}],"curies":[{"name":"wp","href":"https:\/\/api.w.org\/{rel}","templated":true}]}}