{"id":318321,"date":"2025-04-07T08:23:46","date_gmt":"2025-04-07T05:23:46","guid":{"rendered":"https:\/\/sana.sy\/tr\/?p=318321"},"modified":"2025-04-07T08:23:46","modified_gmt":"2025-04-07T05:23:46","slug":"halepte-ogrenciler-ramazan-bayrami-tatilinin-ardindan-okullarina-donuyor","status":"publish","type":"post","link":"https:\/\/archive.sana.sy\/tr\/?p=318321","title":{"rendered":"Halep&#8217;te \u00d6\u011frenciler Ramazan Bayram\u0131 Tatilinin Ard\u0131ndan Okullar\u0131na D\u00f6n\u00fcyor"},"content":{"rendered":"<p>Halep&#8217;te \u00d6\u011frenciler Ramazan Bayram\u0131 Tatilinin Ard\u0131ndan Okullar\u0131na D\u00f6n\u00fcyor<\/p>\n<div id='gallery-1' class='gallery galleryid-318321 gallery-columns-1 gallery-size-full'><figure class='gallery-item'>\n\t\t\t<div class='gallery-icon landscape'>\n\t\t\t\t<a href='https:\/\/archive.sana.sy\/tr\/wp-content\/uploads\/2025\/04\/photo_2025-04-06_13-41-53.jpg'><img loading=\"lazy\" decoding=\"async\" width=\"660\" height=\"495\" src=\"https:\/\/archive.sana.sy\/tr\/wp-content\/uploads\/2025\/04\/photo_2025-04-06_13-41-53.jpg\" class=\"attachment-full size-full\" alt=\"\" srcset=\"https:\/\/archive.sana.sy\/tr\/wp-content\/uploads\/2025\/04\/photo_2025-04-06_13-41-53.jpg 660w, https:\/\/archive.sana.sy\/tr\/wp-content\/uploads\/2025\/04\/photo_2025-04-06_13-41-53-300x225.jpg 300w\" sizes=\"auto, (max-width: 660px) 100vw, 660px\" \/><\/a>\n\t\t\t<\/div><\/figure><figure class='gallery-item'>\n\t\t\t<div class='gallery-icon landscape'>\n\t\t\t\t<a href='https:\/\/archive.sana.sy\/tr\/wp-content\/uploads\/2025\/04\/photo_2025-04-06_13-41-53-3.jpg'><img loading=\"lazy\" decoding=\"async\" width=\"660\" height=\"495\" src=\"https:\/\/archive.sana.sy\/tr\/wp-content\/uploads\/2025\/04\/photo_2025-04-06_13-41-53-3.jpg\" class=\"attachment-full size-full\" alt=\"\" srcset=\"https:\/\/archive.sana.sy\/tr\/wp-content\/uploads\/2025\/04\/photo_2025-04-06_13-41-53-3.jpg 660w, https:\/\/archive.sana.sy\/tr\/wp-content\/uploads\/2025\/04\/photo_2025-04-06_13-41-53-3-300x225.jpg 300w\" sizes=\"auto, (max-width: 660px) 100vw, 660px\" \/><\/a>\n\t\t\t<\/div><\/figure>\n\t\t<\/div>\n\n","protected":false},"excerpt":{"rendered":"<p>Halep&#8217;te \u00d6\u011frenciler Ramazan Bayram\u0131 Tatilinin Ard\u0131ndan Okullar\u0131na D\u00f6n\u00fcyor<\/p>\n","protected":false},"author":39,"featured_media":318324,"comment_status":"closed","ping_status":"closed","sticky":false,"template":"","format":"standard","meta":{"footnotes":""},"categories":[596],"tags":[],"class_list":["post-318321","post","type-post","status-publish","format-standard","has-post-thumbnail","","category-fotografli-raporlar"],"_links":{"self":[{"href":"https:\/\/archive.sana.sy\/tr\/index.php?rest_route=\/wp\/v2\/posts\/318321","targetHints":{"allow":["GET"]}}],"collection":[{"href":"https:\/\/archive.sana.sy\/tr\/index.php?rest_route=\/wp\/v2\/posts"}],"about":[{"href":"https:\/\/archive.sana.sy\/tr\/index.php?rest_route=\/wp\/v2\/types\/post"}],"author":[{"embeddable":true,"href":"https:\/\/archive.sana.sy\/tr\/index.php?rest_route=\/wp\/v2\/users\/39"}],"replies":[{"embeddable":true,"href":"https:\/\/archive.sana.sy\/tr\/index.php?rest_route=%2Fwp%2Fv2%2Fcomments&post=318321"}],"version-history":[{"count":1,"href":"https:\/\/archive.sana.sy\/tr\/index.php?rest_route=\/wp\/v2\/posts\/318321\/revisions"}],"predecessor-version":[{"id":318325,"href":"https:\/\/archive.sana.sy\/tr\/index.php?rest_route=\/wp\/v2\/posts\/318321\/revisions\/318325"}],"wp:featuredmedia":[{"embeddable":true,"href":"https:\/\/archive.sana.sy\/tr\/index.php?rest_route=\/wp\/v2\/media\/318324"}],"wp:attachment":[{"href":"https:\/\/archive.sana.sy\/tr\/index.php?rest_route=%2Fwp%2Fv2%2Fmedia&parent=318321"}],"wp:term":[{"taxonomy":"category","embeddable":true,"href":"https:\/\/archive.sana.sy\/tr\/index.php?rest_route=%2Fwp%2Fv2%2Fcategories&post=318321"},{"taxonomy":"post_tag","embeddable":true,"href":"https:\/\/archive.sana.sy\/tr\/index.php?rest_route=%2Fwp%2Fv2%2Ftags&post=318321"}],"curies":[{"name":"wp","href":"https:\/\/api.w.org\/{rel}","templated":true}]}}