{"id":318412,"date":"2025-04-08T14:09:07","date_gmt":"2025-04-08T11:09:07","guid":{"rendered":"https:\/\/sana.sy\/tr\/?p=318412"},"modified":"2025-04-08T14:45:43","modified_gmt":"2025-04-08T11:45:43","slug":"israil-saldirilarini-kinayan-kuneytra-protestosu","status":"publish","type":"post","link":"https:\/\/archive.sana.sy\/tr\/?p=318412","title":{"rendered":"\u0130srail Sald\u0131rganl\u0131klar\u0131n\u0131 K\u0131namak \u0130\u00e7in Kuneytra&#8217;da Protesto D\u00fczenlendi"},"content":{"rendered":"<p style=\"text-align: justify;\"><strong><span style=\"color: #800000;\">KUNEYTRA (SANA) &#8211;<\/span> <\/strong>\u0130srail&#8217;in Suriye topraklar\u0131na y\u00f6nelik sald\u0131rganl\u0131klar\u0131n\u0131 protesto etmek ve Gazze \u015eeridi&#8217;nde halk\u0131m\u0131za kar\u015f\u0131 y\u00fcr\u00fct\u00fclen imha sava\u015f\u0131n\u0131 reddetmek amac\u0131yla bug\u00fcn Kuneytra \u0130li&#8217;ne ba\u011fl\u0131 Selam kentindeki El Diyafe Meydan\u0131&#8217;nda &#8220;Burada kalaca\u011f\u0131z&#8221; slogan\u0131yla bir protesto d\u00fczenlendi.<\/p>\n<p style=\"text-align: justify;\"><img loading=\"lazy\" decoding=\"async\" class=\"size-medium wp-image-318413 alignright\" src=\"http:\/\/sana.sy\/tr\/wp-content\/uploads\/2025\/04\/7-3-300x151.jpg\" alt=\"\" width=\"300\" height=\"151\" srcset=\"https:\/\/archive.sana.sy\/tr\/wp-content\/uploads\/2025\/04\/7-3-300x151.jpg 300w, https:\/\/archive.sana.sy\/tr\/wp-content\/uploads\/2025\/04\/7-3-1024x515.jpg 1024w, https:\/\/archive.sana.sy\/tr\/wp-content\/uploads\/2025\/04\/7-3-768x386.jpg 768w, https:\/\/archive.sana.sy\/tr\/wp-content\/uploads\/2025\/04\/7-3-660x330.jpg 660w, https:\/\/archive.sana.sy\/tr\/wp-content\/uploads\/2025\/04\/7-3-1050x525.jpg 1050w, https:\/\/archive.sana.sy\/tr\/wp-content\/uploads\/2025\/04\/7-3.jpg 1145w\" sizes=\"auto, (max-width: 300px) 100vw, 300px\" \/>protesto&#8217;ya kat\u0131lanlar, ge\u00e7en hafta Dera ilinin bat\u0131 k\u0131rsal\u0131na y\u00f6nelik \u0130srail i\u015fgal g\u00fc\u00e7lerinin d\u00fczenledi\u011fi saldurganl\u0131kta \u015fehit d\u00fc\u015fenlerin fedakarl\u0131klar\u0131n\u0131 takdir ederek, topraklar\u0131 \u00fczerinde kararl\u0131 kalma ve sebat etme haklar\u0131na olan ba\u011fl\u0131l\u0131klar\u0131n\u0131 yinelediler.<\/p>\n<p style=\"text-align: justify;\">Kat\u0131lanlar ayr\u0131ca, imha sava\u015f\u0131n\u0131 reddettiklerini ve \u0130srail i\u015fgaline kar\u015f\u0131 Filistin halk\u0131na desteklerini dile getiren pankartlar ta\u015f\u0131d\u0131lar.<\/p>\n<p style=\"text-align: justify;\">\n","protected":false},"excerpt":{"rendered":"<p>KUNEYTRA (SANA) &#8211; \u0130srail&#8217;in Suriye topraklar\u0131na y\u00f6nelik sald\u0131rganl\u0131klar\u0131n\u0131 protesto etmek ve Gazze \u015eeridi&#8217;nde halk\u0131m\u0131za kar\u015f\u0131 y\u00fcr\u00fct\u00fclen imha sava\u015f\u0131n\u0131 reddetmek amac\u0131yla bug\u00fcn Kuneytra \u0130li&#8217;ne ba\u011fl\u0131 Selam kentindeki El Diyafe Meydan\u0131&#8217;nda &#8220;Burada kalaca\u011f\u0131z&#8221; slogan\u0131yla bir protesto d\u00fczenlendi. protesto&#8217;ya kat\u0131lanlar, ge\u00e7en hafta Dera ilinin bat\u0131 k\u0131rsal\u0131na y\u00f6nelik \u0130srail i\u015fgal g\u00fc\u00e7lerinin d\u00fczenledi\u011fi saldurganl\u0131kta \u015fehit d\u00fc\u015fenlerin fedakarl\u0131klar\u0131n\u0131 takdir ederek, topraklar\u0131 &hellip;<\/p>\n","protected":false},"author":36,"featured_media":318414,"comment_status":"closed","ping_status":"closed","sticky":false,"template":"","format":"standard","meta":{"footnotes":""},"categories":[589,479,17988,478],"tags":[],"class_list":["post-318412","post","type-post","status-publish","format-standard","has-post-thumbnail","","category-haber-seridi","category-haberler-yerel","category-son-haberler","category-yerel"],"_links":{"self":[{"href":"https:\/\/archive.sana.sy\/tr\/index.php?rest_route=\/wp\/v2\/posts\/318412","targetHints":{"allow":["GET"]}}],"collection":[{"href":"https:\/\/archive.sana.sy\/tr\/index.php?rest_route=\/wp\/v2\/posts"}],"about":[{"href":"https:\/\/archive.sana.sy\/tr\/index.php?rest_route=\/wp\/v2\/types\/post"}],"author":[{"embeddable":true,"href":"https:\/\/archive.sana.sy\/tr\/index.php?rest_route=\/wp\/v2\/users\/36"}],"replies":[{"embeddable":true,"href":"https:\/\/archive.sana.sy\/tr\/index.php?rest_route=%2Fwp%2Fv2%2Fcomments&post=318412"}],"version-history":[{"count":3,"href":"https:\/\/archive.sana.sy\/tr\/index.php?rest_route=\/wp\/v2\/posts\/318412\/revisions"}],"predecessor-version":[{"id":318418,"href":"https:\/\/archive.sana.sy\/tr\/index.php?rest_route=\/wp\/v2\/posts\/318412\/revisions\/318418"}],"wp:featuredmedia":[{"embeddable":true,"href":"https:\/\/archive.sana.sy\/tr\/index.php?rest_route=\/wp\/v2\/media\/318414"}],"wp:attachment":[{"href":"https:\/\/archive.sana.sy\/tr\/index.php?rest_route=%2Fwp%2Fv2%2Fmedia&parent=318412"}],"wp:term":[{"taxonomy":"category","embeddable":true,"href":"https:\/\/archive.sana.sy\/tr\/index.php?rest_route=%2Fwp%2Fv2%2Fcategories&post=318412"},{"taxonomy":"post_tag","embeddable":true,"href":"https:\/\/archive.sana.sy\/tr\/index.php?rest_route=%2Fwp%2Fv2%2Ftags&post=318412"}],"curies":[{"name":"wp","href":"https:\/\/api.w.org\/{rel}","templated":true}]}}