{"id":318429,"date":"2025-04-08T15:20:43","date_gmt":"2025-04-08T12:20:43","guid":{"rendered":"https:\/\/sana.sy\/tr\/?p=318429"},"modified":"2025-04-10T10:26:36","modified_gmt":"2025-04-10T07:26:36","slug":"asamanin-oncelikleri-ve-gelecek-planlari-cumhurbaskani-el-sara-yeni-hukumetin-ilk-toplantisina-baskanlik-etti","status":"publish","type":"post","link":"https:\/\/archive.sana.sy\/tr\/?p=318429","title":{"rendered":"A\u015faman\u0131n \u00d6ncelikleri Ve Gelecek Planlar\u0131&#8230; Cumhurba\u015fkan\u0131 El \u015eara, Yeni H\u00fck\u00fcmetin \u0130lk Toplant\u0131s\u0131na Ba\u015fkanl\u0131k Etti"},"content":{"rendered":"<p style=\"text-align: justify;\"><span style=\"color: #800000;\"><strong>\u015eAM (SANA)<\/strong> <\/span>&#8211; D\u00fcn, 7 Nisan 2025 Pazartesi g\u00fcn\u00fc, Suriye Arap Cumhuriyeti H\u00fck\u00fcmeti&#8217;nin ilk toplant\u0131s\u0131, Cumhurba\u015fkan\u0131 Ahmed El \u015eara&#8217;n\u0131n ba\u015fkanl\u0131\u011f\u0131nda ger\u00e7ekle\u015ftirildi. Toplant\u0131da Cumhurba\u015fkan\u0131 El \u015eara yapt\u0131\u011f\u0131 <img loading=\"lazy\" decoding=\"async\" class=\"size-full wp-image-318430 alignright\" src=\"http:\/\/sana.sy\/tr\/wp-content\/uploads\/2025\/04\/photo_2025-04-07_19-50-21-300x168-1.jpg\" alt=\"\" width=\"300\" height=\"168\" \/>konu\u015fmada, h\u00fck\u00fcmet \u00e7al\u0131\u015fmalar\u0131n\u0131n \u00f6nceliklerini ve \u00e7e\u015fitli bakanl\u0131klar\u0131n kar\u015f\u0131 kar\u015f\u0131ya kald\u0131\u011f\u0131 zorluklar\u0131 anlatarak, ekonominin canland\u0131r\u0131lmas\u0131 noktas\u0131nda Suriye vatanda\u015f\u0131n\u0131n \u00f6nceli\u011fini \u00f6ncelikli olarak dikkate alan, g\u00fcnl\u00fck ihtiya\u00e7lar\u0131na olumlu etki edecek ve eski rejimin devlet yap\u0131s\u0131na verdi\u011fi b\u00fcy\u00fck zarar\u0131 onaracak acil durum planlar\u0131 geli\u015ftirmek amac\u0131yla bakanl\u0131klar\u0131n \u00e7al\u0131\u015fmalar\u0131nda entegrasyonun \u00f6nemini vurgulad\u0131.<\/p>\n<p style=\"text-align: justify;\">Cumhurba\u015fkan\u0131 El \u015eara konu\u015fmas\u0131nda, yeniden yap\u0131lanma konusunun \u00f6nemini vurgulayarak, \u015fehir ve kasabalar\u0131 \u00f6rg\u00fctlemek i\u00e7in stratejik planlar geli\u015ftirmenin gereklili\u011fini vurgulad\u0131 ve kentsel kalk\u0131nman\u0131n k\u00fclt\u00fcrel ve medeniyetsel a\u00e7\u0131dan birbirine ba\u011fl\u0131 oldu\u011funu ifade etti.<\/p>\n<p style=\"text-align: justify;\"><img loading=\"lazy\" decoding=\"async\" class=\"size-full wp-image-318431 alignright\" src=\"http:\/\/sana.sy\/tr\/wp-content\/uploads\/2025\/04\/photo_2025-04-07_19-50-47-300x168-1.jpg\" alt=\"\" width=\"300\" height=\"168\" \/>Cumhurba\u015fkan\u0131 El \u015eara ayr\u0131ca, \u00f6n\u00fcm\u00fczdeki d\u00f6nemde h\u00fck\u00fcmetin ataca\u011f\u0131 ad\u0131mlarda temel rehber ilkenin i\u00e7 bar\u0131\u015f ilkesi oldu\u011funu, medya s\u00f6yleminin de ulusal ve kapsay\u0131c\u0131 olmas\u0131, ulusal birli\u011fi g\u00fc\u00e7lendirmesi ve Suriye&#8217;nin t\u00fcm vatanda\u015flar\u0131na ait olmas\u0131 nedeniyle her t\u00fcrl\u00fc ayr\u0131\u015fman\u0131n \u00fcstesinden gelmesi gerekti\u011fini vurgulad\u0131.<\/p>\n<p style=\"text-align: justify;\">Say\u0131n Cumhurba\u015fkan\u0131, resmen g\u00f6reve ba\u015flamas\u0131n\u0131n ard\u0131ndan h\u00fck\u00fcmet bakanlar\u0131n\u0131n ilk g\u00f6r\u00fc\u015flerini dinleyerek, de\u011ferlendirme i\u00e7in bir sonraki kabine toplant\u0131s\u0131na kapsaml\u0131 planlar sunmalar\u0131 ve bunlar\u0131 en k\u0131sa s\u00fcrede uygulamaya koymalar\u0131 \u00e7a\u011fr\u0131s\u0131nda bulundu.<\/p>\n<p style=\"text-align: justify;\">Bakanlar\u0131n m\u00fcdahaleleri, her biri kendi uzmanl\u0131k alan\u0131na g\u00f6re, vatanda\u015flar\u0131n ya\u015fam\u0131n\u0131 etkileyen i\u00e7 ve d\u0131\u015f meselelere odakland\u0131. Bu konular\u0131n en \u00f6nemlisi ekonomik yapt\u0131r\u0131mlar konusu ve yeni h\u00fck\u00fcmete y\u00f6nelik olumlu uluslararas\u0131 deste\u011fin, yapt\u0131r\u0131mlar\u0131n kald\u0131r\u0131lmas\u0131, toparlanma ve yeniden yap\u0131lanma s\u00fcrecinin h\u0131zland\u0131r\u0131lmas\u0131 ve \u00e7e\u015fitli zorluklarla m\u00fccadele edilmesi y\u00f6n\u00fcndeki \u00e7abalard\u0131.<\/p>\n<p style=\"text-align: justify;\">\u00d6nemli i\u00e7 meselelerdeki son geli\u015fmeler g\u00f6r\u00fc\u015f\u00fcld\u00fc. Bu meselelerin en \u00f6ne \u00e7\u0131kanlar\u0131, profesyonel bir ulusal ordunun yeniden in\u015fas\u0131, silahlar\u0131n devletle s\u0131n\u0131rland\u0131r\u0131lmas\u0131 ve SDG ile devletin sivil ve askeri kurumlar\u0131na entegrasyonunu sa\u011flayacak \u00e7e\u015fitli ad\u0131mlar\u0131n at\u0131ld\u0131\u011f\u0131 anla\u015fman\u0131n tamamlanmas\u0131yd\u0131. Ayn\u0131 durum S\u00fcveyda&#8217;daki askeri gruplar i\u00e7in de ge\u00e7erli olacak.<\/p>\n<p style=\"text-align: justify;\"><img loading=\"lazy\" decoding=\"async\" class=\"size-full wp-image-318432 alignright\" src=\"http:\/\/sana.sy\/tr\/wp-content\/uploads\/2025\/04\/photo_2025-04-07_19-50-25-300x168-1.jpg\" alt=\"\" width=\"300\" height=\"168\" \/>Devletin ekonomik istikameti de g\u00f6zden ge\u00e7irildi, Ekonomi ve Maliye Bakanl\u0131klar\u0131 ile Merkez Bankas\u0131 aras\u0131nda uyum ve b\u00fct\u00fcnle\u015fme sa\u011flanarak ge\u00e7mi\u015fteki olumsuzluklar\u0131n giderilmesi ve \u00e7e\u015fitli sekt\u00f6rlerdeki umut vadeden f\u0131rsatlara yan\u0131t veren esnek politikalar geli\u015ftirilmesi ama\u00e7land\u0131. Bu da, kamu ve \u00f6zel sekt\u00f6r aras\u0131nda ortakl\u0131klar kurulmas\u0131 ve \u00fclke vatanda\u015flar\u0131n\u0131n b\u00fcy\u00fck \u00e7o\u011funlu\u011funun yurt d\u0131\u015f\u0131na d\u00f6nmesiyle uyumlu olarak i\u00e7 turizmi art\u0131rmaya y\u00f6nelik planlar\u0131n hayata ge\u00e7irilmesiyle ger\u00e7ekle\u015ftirilecektir.<\/p>\n<p style=\"text-align: justify;\">Bakanlar ayr\u0131ca kamu hizmetleri, konut, kamplardaki yerinden edilmi\u015f ki\u015filer, tar\u0131m sekt\u00f6r\u00fcne destek, enerji temini ve altyap\u0131 onar\u0131m\u0131 sekt\u00f6rlerinde \u00e7e\u015fitli teklif ve planlar sundular.<\/p>\n<p style=\"text-align: justify;\">Toplant\u0131, Cumhurba\u015fkan\u0131 El \u015eara&#8217;n\u0131n bakanl\u0131klar\u0131n h\u0131zla yeniden yap\u0131land\u0131r\u0131lmas\u0131 ve atamalar\u0131n tamamlanmas\u0131 gerekti\u011fi ve dijital d\u00f6n\u00fc\u015f\u00fcm\u00fcn ve gelecek planlamas\u0131n\u0131n \u00f6nemini vurgulayarak, teorik planlar\u0131n en k\u0131sa s\u00fcrede prati\u011fe ge\u00e7irilmesi gerekti\u011fini kaydetti\u011fi y\u00f6n\u00fcndeki k\u0131sa \u00f6zetinin ard\u0131ndan sona erdi.<\/p>\n<div id='gallery-1' class='gallery galleryid-318429 gallery-columns-2 gallery-size-medium'><figure class='gallery-item'>\n\t\t\t<div class='gallery-icon landscape'>\n\t\t\t\t<a href='https:\/\/archive.sana.sy\/tr\/?attachment_id=318433'><img loading=\"lazy\" decoding=\"async\" width=\"300\" height=\"168\" src=\"https:\/\/archive.sana.sy\/tr\/wp-content\/uploads\/2025\/04\/22222-300x168.jpg\" class=\"attachment-medium size-medium\" alt=\"\" srcset=\"https:\/\/archive.sana.sy\/tr\/wp-content\/uploads\/2025\/04\/22222-300x168.jpg 300w, https:\/\/archive.sana.sy\/tr\/wp-content\/uploads\/2025\/04\/22222.jpg 660w\" sizes=\"auto, (max-width: 300px) 100vw, 300px\" \/><\/a>\n\t\t\t<\/div><\/figure><figure class='gallery-item'>\n\t\t\t<div class='gallery-icon landscape'>\n\t\t\t\t<a href='https:\/\/archive.sana.sy\/tr\/?attachment_id=318434'><img loading=\"lazy\" decoding=\"async\" width=\"300\" height=\"168\" src=\"https:\/\/archive.sana.sy\/tr\/wp-content\/uploads\/2025\/04\/11111111-300x168.jpg\" class=\"attachment-medium size-medium\" alt=\"\" srcset=\"https:\/\/archive.sana.sy\/tr\/wp-content\/uploads\/2025\/04\/11111111-300x168.jpg 300w, https:\/\/archive.sana.sy\/tr\/wp-content\/uploads\/2025\/04\/11111111.jpg 660w\" sizes=\"auto, (max-width: 300px) 100vw, 300px\" \/><\/a>\n\t\t\t<\/div><\/figure>\n\t\t<\/div>\n\n<p style=\"text-align: justify;\">\n","protected":false},"excerpt":{"rendered":"<p>\u015eAM (SANA) &#8211; D\u00fcn, 7 Nisan 2025 Pazartesi g\u00fcn\u00fc, Suriye Arap Cumhuriyeti H\u00fck\u00fcmeti&#8217;nin ilk toplant\u0131s\u0131, Cumhurba\u015fkan\u0131 Ahmed El \u015eara&#8217;n\u0131n ba\u015fkanl\u0131\u011f\u0131nda ger\u00e7ekle\u015ftirildi. Toplant\u0131da Cumhurba\u015fkan\u0131 El \u015eara yapt\u0131\u011f\u0131 konu\u015fmada, h\u00fck\u00fcmet \u00e7al\u0131\u015fmalar\u0131n\u0131n \u00f6nceliklerini ve \u00e7e\u015fitli bakanl\u0131klar\u0131n kar\u015f\u0131 kar\u015f\u0131ya kald\u0131\u011f\u0131 zorluklar\u0131 anlatarak, ekonominin canland\u0131r\u0131lmas\u0131 noktas\u0131nda Suriye vatanda\u015f\u0131n\u0131n \u00f6nceli\u011fini \u00f6ncelikli olarak dikkate alan, g\u00fcnl\u00fck ihtiya\u00e7lar\u0131na olumlu etki edecek ve eski &hellip;<\/p>\n","protected":false},"author":41,"featured_media":318436,"comment_status":"closed","ping_status":"closed","sticky":false,"template":"","format":"standard","meta":{"footnotes":""},"categories":[606,605,17988],"tags":[],"class_list":["post-318429","post","type-post","status-publish","format-standard","has-post-thumbnail","","category-cumhurbaskani","category-sayin-cumhurbaskani","category-son-haberler"],"_links":{"self":[{"href":"https:\/\/archive.sana.sy\/tr\/index.php?rest_route=\/wp\/v2\/posts\/318429","targetHints":{"allow":["GET"]}}],"collection":[{"href":"https:\/\/archive.sana.sy\/tr\/index.php?rest_route=\/wp\/v2\/posts"}],"about":[{"href":"https:\/\/archive.sana.sy\/tr\/index.php?rest_route=\/wp\/v2\/types\/post"}],"author":[{"embeddable":true,"href":"https:\/\/archive.sana.sy\/tr\/index.php?rest_route=\/wp\/v2\/users\/41"}],"replies":[{"embeddable":true,"href":"https:\/\/archive.sana.sy\/tr\/index.php?rest_route=%2Fwp%2Fv2%2Fcomments&post=318429"}],"version-history":[{"count":3,"href":"https:\/\/archive.sana.sy\/tr\/index.php?rest_route=\/wp\/v2\/posts\/318429\/revisions"}],"predecessor-version":[{"id":318438,"href":"https:\/\/archive.sana.sy\/tr\/index.php?rest_route=\/wp\/v2\/posts\/318429\/revisions\/318438"}],"wp:featuredmedia":[{"embeddable":true,"href":"https:\/\/archive.sana.sy\/tr\/index.php?rest_route=\/wp\/v2\/media\/318436"}],"wp:attachment":[{"href":"https:\/\/archive.sana.sy\/tr\/index.php?rest_route=%2Fwp%2Fv2%2Fmedia&parent=318429"}],"wp:term":[{"taxonomy":"category","embeddable":true,"href":"https:\/\/archive.sana.sy\/tr\/index.php?rest_route=%2Fwp%2Fv2%2Fcategories&post=318429"},{"taxonomy":"post_tag","embeddable":true,"href":"https:\/\/archive.sana.sy\/tr\/index.php?rest_route=%2Fwp%2Fv2%2Ftags&post=318429"}],"curies":[{"name":"wp","href":"https:\/\/api.w.org\/{rel}","templated":true}]}}