{"id":318444,"date":"2025-04-08T16:07:27","date_gmt":"2025-04-08T13:07:27","guid":{"rendered":"https:\/\/sana.sy\/tr\/?p=318444"},"modified":"2025-04-08T18:09:59","modified_gmt":"2025-04-08T15:09:59","slug":"bakan-el-seybani-buyukelciliklerimizi-ve-diplomatik-misyonlarimizi-yeniden-yapilandirmaya-basladik","status":"publish","type":"post","link":"https:\/\/archive.sana.sy\/tr\/?p=318444","title":{"rendered":"Bakan El \u015eeybani: B\u00fcy\u00fckel\u00e7iliklerimizi Ve Diplomatik Misyonlar\u0131m\u0131z\u0131 Yeniden Yap\u0131land\u0131rmaya Ba\u015flad\u0131k"},"content":{"rendered":"<p style=\"text-align: justify;\"><strong><span style=\"color: #800000;\">\u015eAM (SANA)<\/span> &#8211; \u00a0<\/strong>D\u0131\u015fi\u015fleri Bakan\u0131 Asaad El \u015eeybani, Cumhurba\u015fkan\u0131 Ahmed El \u015eara&#8217;n\u0131n direktifleri do\u011frultusunda b\u00fcy\u00fckel\u00e7iliklerimizi ve diplomatik misyonlar\u0131m\u0131z\u0131 yeniden yap\u0131land\u0131rmaya ba\u015flad\u0131klar\u0131n\u0131 s\u00f6yledi.<\/p>\n<p style=\"text-align: justify;\">Bakan EL \u015eeybani, X \u00fczerinden payla\u015ft\u0131\u011f\u0131 tweette, s\u00f6z konusu tedbirin Suriye Arap Cumhuriyeti&#8217;nin onurlu bir \u015fekilde temsil edilmesini ve yurtd\u0131\u015f\u0131ndaki Suriye vatanda\u015flar\u0131na ayr\u0131cal\u0131kl\u0131 hizmetler sunulmas\u0131n\u0131 sa\u011flayaca\u011f\u0131n\u0131 kaydetti.<\/p>\n","protected":false},"excerpt":{"rendered":"<p>\u015eAM (SANA) &#8211; \u00a0D\u0131\u015fi\u015fleri Bakan\u0131 Asaad El \u015eeybani, Cumhurba\u015fkan\u0131 Ahmed El \u015eara&#8217;n\u0131n direktifleri do\u011frultusunda b\u00fcy\u00fckel\u00e7iliklerimizi ve diplomatik misyonlar\u0131m\u0131z\u0131 yeniden yap\u0131land\u0131rmaya ba\u015flad\u0131klar\u0131n\u0131 s\u00f6yledi. Bakan EL \u015eeybani, X \u00fczerinden payla\u015ft\u0131\u011f\u0131 tweette, s\u00f6z konusu tedbirin Suriye Arap Cumhuriyeti&#8217;nin onurlu bir \u015fekilde temsil edilmesini ve yurtd\u0131\u015f\u0131ndaki Suriye vatanda\u015flar\u0131na ayr\u0131cal\u0131kl\u0131 hizmetler sunulmas\u0131n\u0131 sa\u011flayaca\u011f\u0131n\u0131 kaydetti.<\/p>\n","protected":false},"author":41,"featured_media":318445,"comment_status":"closed","ping_status":"closed","sticky":false,"template":"","format":"standard","meta":{"footnotes":""},"categories":[589,479,17988,478],"tags":[43697],"class_list":["post-318444","post","type-post","status-publish","format-standard","has-post-thumbnail","","category-haber-seridi","category-haberler-yerel","category-son-haberler","category-yerel","tag-bakan-el-seybani-buyukelciliklerimizi-ve-diplomatik-misyonlarimizi-yeniden-yapilandirmaya-basladik"],"_links":{"self":[{"href":"https:\/\/archive.sana.sy\/tr\/index.php?rest_route=\/wp\/v2\/posts\/318444","targetHints":{"allow":["GET"]}}],"collection":[{"href":"https:\/\/archive.sana.sy\/tr\/index.php?rest_route=\/wp\/v2\/posts"}],"about":[{"href":"https:\/\/archive.sana.sy\/tr\/index.php?rest_route=\/wp\/v2\/types\/post"}],"author":[{"embeddable":true,"href":"https:\/\/archive.sana.sy\/tr\/index.php?rest_route=\/wp\/v2\/users\/41"}],"replies":[{"embeddable":true,"href":"https:\/\/archive.sana.sy\/tr\/index.php?rest_route=%2Fwp%2Fv2%2Fcomments&post=318444"}],"version-history":[{"count":1,"href":"https:\/\/archive.sana.sy\/tr\/index.php?rest_route=\/wp\/v2\/posts\/318444\/revisions"}],"predecessor-version":[{"id":318446,"href":"https:\/\/archive.sana.sy\/tr\/index.php?rest_route=\/wp\/v2\/posts\/318444\/revisions\/318446"}],"wp:featuredmedia":[{"embeddable":true,"href":"https:\/\/archive.sana.sy\/tr\/index.php?rest_route=\/wp\/v2\/media\/318445"}],"wp:attachment":[{"href":"https:\/\/archive.sana.sy\/tr\/index.php?rest_route=%2Fwp%2Fv2%2Fmedia&parent=318444"}],"wp:term":[{"taxonomy":"category","embeddable":true,"href":"https:\/\/archive.sana.sy\/tr\/index.php?rest_route=%2Fwp%2Fv2%2Fcategories&post=318444"},{"taxonomy":"post_tag","embeddable":true,"href":"https:\/\/archive.sana.sy\/tr\/index.php?rest_route=%2Fwp%2Fv2%2Ftags&post=318444"}],"curies":[{"name":"wp","href":"https:\/\/api.w.org\/{rel}","templated":true}]}}