{"id":318473,"date":"2025-04-09T08:57:37","date_gmt":"2025-04-09T05:57:37","guid":{"rendered":"https:\/\/sana.sy\/tr\/?p=318473"},"modified":"2025-04-09T08:57:37","modified_gmt":"2025-04-09T05:57:37","slug":"urdun-krali-ulkesinin-suriyenin-guvenlik-ve-istikrarini-koruma-cabalarini-destekleme-konusundaki-istekliligini-teyit-etti","status":"publish","type":"post","link":"https:\/\/archive.sana.sy\/tr\/?p=318473","title":{"rendered":"\u00dcrd\u00fcn Kral\u0131, \u00dclkesinin Suriye&#8217;nin G\u00fcvenlik Ve \u0130stikrar\u0131n\u0131 Koruma \u00c7abalar\u0131n\u0131 Destekleme Konusundaki \u0130steklili\u011fini Teyit Etti"},"content":{"rendered":"<p style=\"text-align: justify;\"><strong>AMMAN (SANA) \u2013<\/strong> \u00dcrd\u00fcn Kral\u0131 2. Abdullah, bug\u00fcn \u00fclkesinin Suriye&#8217;nin g\u00fcvenli\u011fini ve istikrar\u0131n\u0131 koruma ve toplumun t\u00fcm kesimlerinin haklar\u0131n\u0131 garanti alt\u0131na alma \u00e7abalar\u0131n\u0131 destekleme taahh\u00fcd\u00fcn\u00fc teyit etti.<\/p>\n<p style=\"text-align: justify;\">\u00dcrd\u00fcn haber ajans\u0131 Petra&#8217;n\u0131n aktard\u0131\u011f\u0131na g\u00f6re, Kral Abdullah, Antakya ve T\u00fcm Do\u011fu Rum Melkit Katolik Patri\u011fi Yusuf Absi ile yapt\u0131\u011f\u0131 g\u00f6r\u00fc\u015fmede, \u00dcrd\u00fcn&#8217;\u00fcn Suriye&#8217;nin g\u00fcvenlik ve istikrar\u0131n\u0131 koruma ve toplumun t\u00fcm kesimlerinin haklar\u0131n\u0131 garanti alt\u0131na alma \u00e7abalar\u0131n\u0131 destekleme taahh\u00fcd\u00fcn\u00fc teyit etti.<\/p>\n","protected":false},"excerpt":{"rendered":"<p>AMMAN (SANA) \u2013 \u00dcrd\u00fcn Kral\u0131 2. Abdullah, bug\u00fcn \u00fclkesinin Suriye&#8217;nin g\u00fcvenli\u011fini ve istikrar\u0131n\u0131 koruma ve toplumun t\u00fcm kesimlerinin haklar\u0131n\u0131 garanti alt\u0131na alma \u00e7abalar\u0131n\u0131 destekleme taahh\u00fcd\u00fcn\u00fc teyit etti. \u00dcrd\u00fcn haber ajans\u0131 Petra&#8217;n\u0131n aktard\u0131\u011f\u0131na g\u00f6re, Kral Abdullah, Antakya ve T\u00fcm Do\u011fu Rum Melkit Katolik Patri\u011fi Yusuf Absi ile yapt\u0131\u011f\u0131 g\u00f6r\u00fc\u015fmede, \u00dcrd\u00fcn&#8217;\u00fcn Suriye&#8217;nin g\u00fcvenlik ve istikrar\u0131n\u0131 koruma ve &hellip;<\/p>\n","protected":false},"author":39,"featured_media":318474,"comment_status":"closed","ping_status":"closed","sticky":false,"template":"","format":"standard","meta":{"footnotes":""},"categories":[458,589,459,17988],"tags":[],"class_list":["post-318473","post","type-post","status-publish","format-standard","has-post-thumbnail","","category-dunya1","category-haber-seridi","category-haberler-arap-uluslararasi-politika","category-son-haberler"],"_links":{"self":[{"href":"https:\/\/archive.sana.sy\/tr\/index.php?rest_route=\/wp\/v2\/posts\/318473","targetHints":{"allow":["GET"]}}],"collection":[{"href":"https:\/\/archive.sana.sy\/tr\/index.php?rest_route=\/wp\/v2\/posts"}],"about":[{"href":"https:\/\/archive.sana.sy\/tr\/index.php?rest_route=\/wp\/v2\/types\/post"}],"author":[{"embeddable":true,"href":"https:\/\/archive.sana.sy\/tr\/index.php?rest_route=\/wp\/v2\/users\/39"}],"replies":[{"embeddable":true,"href":"https:\/\/archive.sana.sy\/tr\/index.php?rest_route=%2Fwp%2Fv2%2Fcomments&post=318473"}],"version-history":[{"count":1,"href":"https:\/\/archive.sana.sy\/tr\/index.php?rest_route=\/wp\/v2\/posts\/318473\/revisions"}],"predecessor-version":[{"id":318475,"href":"https:\/\/archive.sana.sy\/tr\/index.php?rest_route=\/wp\/v2\/posts\/318473\/revisions\/318475"}],"wp:featuredmedia":[{"embeddable":true,"href":"https:\/\/archive.sana.sy\/tr\/index.php?rest_route=\/wp\/v2\/media\/318474"}],"wp:attachment":[{"href":"https:\/\/archive.sana.sy\/tr\/index.php?rest_route=%2Fwp%2Fv2%2Fmedia&parent=318473"}],"wp:term":[{"taxonomy":"category","embeddable":true,"href":"https:\/\/archive.sana.sy\/tr\/index.php?rest_route=%2Fwp%2Fv2%2Fcategories&post=318473"},{"taxonomy":"post_tag","embeddable":true,"href":"https:\/\/archive.sana.sy\/tr\/index.php?rest_route=%2Fwp%2Fv2%2Ftags&post=318473"}],"curies":[{"name":"wp","href":"https:\/\/api.w.org\/{rel}","templated":true}]}}